{"id":103494,"date":"2023-09-08T13:59:59","date_gmt":"2023-09-08T13:59:59","guid":{"rendered":"https:\/\/primicias2262.com\/noticias\/?p=103494"},"modified":"2023-09-09T22:14:37","modified_gmt":"2023-09-09T22:14:37","slug":"movimientos-electorales-locales-que-decidirian-optar-por-la-boleta-de-arturo-rojas-de-nueva-necochea","status":"publish","type":"post","link":"https:\/\/primicias2262.com\/noticias\/movimientos-electorales-locales-que-decidirian-optar-por-la-boleta-de-arturo-rojas-de-nueva-necochea\/","title":{"rendered":"Movimientos electorales locales que decidir\u00edan optar por la boleta de Arturo Rojas, de Nueva Necochea"},"content":{"rendered":"<p><strong>Numerosos datos dar\u00edan cuenta por estas horas de que sectores que dicen adscribir a Uni\u00f3n por la Patria (UPC), y que acompa\u00f1ar\u00edan el 22 de octubre a las f\u00f3rmulas nacional y provincial de este espacio, localmente lo har\u00edan con su voto a favor de la lista vecinal del actual jefe comunal. Algo similar estar\u00eda sucediendo con adherentes a la oferta de Juntos por el Cambio, con el prop\u00f3sito de que las n\u00f3minas a los cargos ejecutivos, fuera de Necochea, puedan sumar m\u00e1s sufragios para sus preferencias nacional y bonaerense, todo ello a consecuencia del importante caudal de apoyo electoral que obtuvo el intendente en las recientes primarias<\/strong><\/p>\n<p><strong>Por Jorge G\u00f3mez\u00a0<\/strong><\/p>\n<p>Conocido oficialmente el resultado de las recientes primarias en el distrito de Necochea, con el importante triunfo en n\u00famero de votos que logr\u00f3 la cosecha del intendente Arturo Rojas con la boleta corta de la agrupaci\u00f3n vecinal Nueva Necochea, pasando la barrera de los 20.000 sufragios y marcando una considerable diferencia con el resto de los circunstanciales contendientes, quienes dirimir\u00e1n el mes que viene la conducci\u00f3n del Departamento Ejecutivo de la Municipalidad de Necochea para el per\u00edodo diciembre de 2023-diciembre de 2027, se vienen registrando movimientos pol\u00edticos de sectores que tienen sus preferencias electorales a nivel nacional y provincial, pero que localmente optar\u00edan por brindar su apoyo al jefe comunal -y su n\u00f3mina al Concejo Deliberante y al Consejo Escolar- en la elecci\u00f3n general anunciada para el domingo 22 de octubre venidero.<\/p>\n<p>Seg\u00fan datos de varias fuentes consultadas, las que tienen su \u201ccoraz\u00f3n\u201d -en t\u00e9rminos pol\u00edticos- en el peronismo, se concluye en que ser\u00eda inminente el armado y el conocimiento p\u00fablico de una agrupaci\u00f3n que podr\u00eda denominarse -algo que est\u00e1 a\u00fan en veremos- \u201cAgrupaci\u00f3n vecinal Uni\u00f3n Peronista\u201d, en la que concluir\u00edan con la presencia de varios gremios y sindicatos, como as\u00ed sectores y adherentes que adscriben desde hace tiempo al ideario de Juan y Eva Per\u00f3n, y que en nuestro distrito exhibir\u00edan la decisi\u00f3n de acompa\u00f1ar con su voto a la postulaci\u00f3n presidencial de la f\u00f3rmula Sergio Massa-Agust\u00edn Rossi, y a la Gobernaci\u00f3n del binomio Axel Kicillof-Ver\u00f3nica Magario (actuales gobernador y vice bonaerense), pero con la particularidad de que a nivel local, o sea para la nominaci\u00f3n a intendente, ediles y consejeros escolares, manifestar\u00edan querer acompa\u00f1ar al deseo del doctor Arturo Rojas de renovar su presencia como intendente de Necochea, o sea eligiendo la boleta de Nueva Necochea.<\/p>\n<p>\u201cEn pocos d\u00edas m\u00e1s estaremos abriendo un local en Quequ\u00e9n, en la calle 519, donde un buen n\u00famero de dirigentes sindicales y gente que manifiesta ser peronista est\u00e1 dispuesta a votarlo al doctor Arturo Rojas como intendente y a su lista, e inclin\u00e1ndose por las f\u00f3rmulas de Uni\u00f3n por la Patria (UP) a nivel nacional y provincial\u201d, dio cuenta una de las voces que consolidarian esta movida que se presume habr\u00eda tomado en cuenta la magra colecta de sufragios que sumaron el 13 de agosto pasado las opciones locales de UP.<\/p>\n<p>Pero otro dato m\u00e1s se estar\u00eda por sumar en l\u00ednea con la opci\u00f3n de otra de las variantes electorales que se ver\u00e1n las caras -en t\u00e9rminos de n\u00famero de sufragios- en el cuarto oscuro el domingo 22 de octubre venidero.<\/p>\n<p>Grupos a\u00fan no bien definidos pero que se ubican en la vereda de enfrente del oficialismo nacional y provincial, o sea que se hallan enrolados en Juntos por el Cambio (JxC), podr\u00edan presentarse -de hecho hay algunas corrientes que as\u00ed lo vienen se\u00f1alando p\u00fablicamente-, dando cuenta de que estar\u00edan sufragando y apoyando el mes pr\u00f3ximo a la f\u00f3rmula presidencial integrada por Patricia Bullrich-Luis Petri, y a la Gobernaci\u00f3n de N\u00e9stor Grindetti-Miguel Fern\u00e1ndez, pero en el plano local marcando su aval a favor de la boleta de Nueva Necochea, a cuyo frente se encuentra el jefe comunal Arturo Rojas.<\/p>\n<p>\u201cLa verdad que nos conviene porque quienes compiten por los cargos ejecutivos nacional y provincial necesitan sumar votos en todos lados, y visto el resultado de las primarias de por aqu\u00ed -refiri\u00e9ndose al distrito de Necochea-, el que m\u00e1s tiene, y as\u00ed se pudo ver, fue el intendente. Y su lista, m\u00e1s la nuestra -en atenci\u00f3n a JxC-, le dar\u00edan a aquellos un caudal de sufragios mayor a lo que sumo la dirigencia local el pasado 13 de agosto\u201d, manifest\u00f3 uno de lo que ser\u00eda integrante de este \u00faltimo segmento de dirigentes que, se reitera, expresan su aval a Bullrich y a Grindetti, pero eligir\u00edan en nuestro territorio la opci\u00f3n electoral del actual jefe comunal.<\/p>\n","protected":false},"excerpt":{"rendered":"<p>Numerosos datos dar\u00edan cuenta por estas horas de que sectores que dicen adscribir a Uni\u00f3n por la Patria (UPC), y que acompa\u00f1ar\u00edan el 22 de octubre a las f\u00f3rmulas nacional y provincial de este espacio, localmente lo har\u00edan con su voto a favor de la lista vecinal del actual jefe comunal. Algo similar estar\u00eda sucediendo [&hellip;]<\/p>\n","protected":false},"author":3,"featured_media":102543,"comment_status":"open","ping_status":"open","sticky":false,"template":"","format":"standard","meta":{"footnotes":""},"categories":[3],"tags":[],"class_list":["post-103494","post","type-post","status-publish","format-standard","has-post-thumbnail","category-masnoticias"],"_links":{"self":[{"href":"https:\/\/primicias2262.com\/noticias\/wp-json\/wp\/v2\/posts\/103494","targetHints":{"allow":["GET"]}}],"collection":[{"href":"https:\/\/primicias2262.com\/noticias\/wp-json\/wp\/v2\/posts"}],"about":[{"href":"https:\/\/primicias2262.com\/noticias\/wp-json\/wp\/v2\/types\/post"}],"author":[{"embeddable":true,"href":"https:\/\/primicias2262.com\/noticias\/wp-json\/wp\/v2\/users\/3"}],"replies":[{"embeddable":true,"href":"https:\/\/primicias2262.com\/noticias\/wp-json\/wp\/v2\/comments?post=103494"}],"version-history":[{"count":1,"href":"https:\/\/primicias2262.com\/noticias\/wp-json\/wp\/v2\/posts\/103494\/revisions"}],"predecessor-version":[{"id":103495,"href":"https:\/\/primicias2262.com\/noticias\/wp-json\/wp\/v2\/posts\/103494\/revisions\/103495"}],"wp:featuredmedia":[{"embeddable":true,"href":"https:\/\/primicias2262.com\/noticias\/wp-json\/wp\/v2\/media\/102543"}],"wp:attachment":[{"href":"https:\/\/primicias2262.com\/noticias\/wp-json\/wp\/v2\/media?parent=103494"}],"wp:term":[{"taxonomy":"category","embeddable":true,"href":"https:\/\/primicias2262.com\/noticias\/wp-json\/wp\/v2\/categories?post=103494"},{"taxonomy":"post_tag","embeddable":true,"href":"https:\/\/primicias2262.com\/noticias\/wp-json\/wp\/v2\/tags?post=103494"}],"curies":[{"name":"wp","href":"https:\/\/api.w.org\/{rel}","templated":true}]}}