{"id":103506,"date":"2023-09-08T15:10:53","date_gmt":"2023-09-08T15:10:53","guid":{"rendered":"https:\/\/primicias2262.com\/noticias\/?p=103506"},"modified":"2023-09-09T22:13:56","modified_gmt":"2023-09-09T22:13:56","slug":"vandalizaron-el-edificio-de-la-jefatura-distrital-de-educacion","status":"publish","type":"post","link":"https:\/\/primicias2262.com\/noticias\/vandalizaron-el-edificio-de-la-jefatura-distrital-de-educacion\/","title":{"rendered":"Vandalizaron el edificio de la Jefatura Distrital de Educaci\u00f3n"},"content":{"rendered":"<p><strong>La Jefa Distrital, Elsa Guillermo, se\u00f1al\u00f3 que da\u00f1aron la instalaci\u00f3n el\u00e9ctrica y la puerta de ingreso al edificio que se comparte con otras dos instituciones, por lo que est\u00e1n funcionando provisoriamente en el CIE, ubicado en el Complejo Jesuita Cardiel.<\/strong><\/p>\n<p>En \u201cVoces de la Ciudad\u201d, la inspectora fue consultada por el periodista Jorge G\u00f3mez y ratific\u00f3 que el edificio de la Jefatura Distrital, donde tambi\u00e9n funciona la Jefatura de la Regi\u00f3n y la sede del Programa Fines fue vandalizada: \u201cSuponemos que fue durante la madrugada, y cuando llegamos nos encontramos con toda la instalaci\u00f3n el\u00e9ctrica que alimenta al edificio da\u00f1ada, la luminaria rota y la puerta destruida\u201d.<\/p>\n<p>Adem\u00e1s, relat\u00f3 Elsa que \u201cnos faltaban algunos elementos del interior, es una tristeza enorme porque es un espacio que habitamos tres dependencias de educaci\u00f3n y al lado hay un jard\u00edn de infantes\u201d, a lo que agreg\u00f3 que \u201clo que duele es el l\u00edmite al que hemos llegado, nadie tiene porqu\u00e9 ingresar en la propiedad de nadie, pero este es un bien p\u00fablico y una oficina del Estado\u201d.<\/p>\n<p>Seguidamente la loberense puso en valor que \u201cel Consejo Escolar de manera r\u00e1pida pudo responder a la necesidad de contar con la instalaci\u00f3n el\u00e9ctrica nuevamente, porque sin la tensi\u00f3n el\u00e9ctrica no pod\u00edamos trabajar ni tener internet para nuestra tareas, pero adem\u00e1s se repar\u00f3 la puerta y se seguir\u00e1 con otras tareas\u201d.<\/p>\n<p>No obstante, se\u00f1al\u00f3 que por este viernes \u201cnos mudamos al edificio del CIE en el Complejo Jesuita Cardiel\u201d.<\/p>\n<p><strong>Llegan notebooks de Conectar Igualdad Bonaerense<\/strong><\/p>\n<p>Por otra parte, Elsa Guillermo se refiri\u00f3 a la llegada de alrededor de 800 notebooks de Conectar Igualdad Bonaerense para la semana del lunes 18 de septiembre: \u201cLos dispositivos est\u00e1n destinados a estudiantes que egresan de 6\u00ba A\u00f1o de Secundaria orientada y de 7\u00ba A\u00f1o de la Educaci\u00f3n T\u00e9cnica y Agraria\u201d, y anticip\u00f3 que \u201cse est\u00e1 organizando el protocolo para la entrega, ese d\u00eda se va a hacer la entrega a estudiantes de 16 servicios educativos, no de la totalidad, ya que durante esa semana estaremos viajando para entregar a estudiantes que residen en el interior del distrito\u201d.<\/p>\n","protected":false},"excerpt":{"rendered":"<p>La Jefa Distrital, Elsa Guillermo, se\u00f1al\u00f3 que da\u00f1aron la instalaci\u00f3n el\u00e9ctrica y la puerta de ingreso al edificio que se comparte con otras dos instituciones, por lo que est\u00e1n funcionando provisoriamente en el CIE, ubicado en el Complejo Jesuita Cardiel. En \u201cVoces de la Ciudad\u201d, la inspectora fue consultada por el periodista Jorge G\u00f3mez y [&hellip;]<\/p>\n","protected":false},"author":3,"featured_media":103507,"comment_status":"open","ping_status":"open","sticky":false,"template":"","format":"standard","meta":{"footnotes":""},"categories":[3],"tags":[],"class_list":["post-103506","post","type-post","status-publish","format-standard","has-post-thumbnail","category-masnoticias"],"_links":{"self":[{"href":"https:\/\/primicias2262.com\/noticias\/wp-json\/wp\/v2\/posts\/103506","targetHints":{"allow":["GET"]}}],"collection":[{"href":"https:\/\/primicias2262.com\/noticias\/wp-json\/wp\/v2\/posts"}],"about":[{"href":"https:\/\/primicias2262.com\/noticias\/wp-json\/wp\/v2\/types\/post"}],"author":[{"embeddable":true,"href":"https:\/\/primicias2262.com\/noticias\/wp-json\/wp\/v2\/users\/3"}],"replies":[{"embeddable":true,"href":"https:\/\/primicias2262.com\/noticias\/wp-json\/wp\/v2\/comments?post=103506"}],"version-history":[{"count":1,"href":"https:\/\/primicias2262.com\/noticias\/wp-json\/wp\/v2\/posts\/103506\/revisions"}],"predecessor-version":[{"id":103508,"href":"https:\/\/primicias2262.com\/noticias\/wp-json\/wp\/v2\/posts\/103506\/revisions\/103508"}],"wp:featuredmedia":[{"embeddable":true,"href":"https:\/\/primicias2262.com\/noticias\/wp-json\/wp\/v2\/media\/103507"}],"wp:attachment":[{"href":"https:\/\/primicias2262.com\/noticias\/wp-json\/wp\/v2\/media?parent=103506"}],"wp:term":[{"taxonomy":"category","embeddable":true,"href":"https:\/\/primicias2262.com\/noticias\/wp-json\/wp\/v2\/categories?post=103506"},{"taxonomy":"post_tag","embeddable":true,"href":"https:\/\/primicias2262.com\/noticias\/wp-json\/wp\/v2\/tags?post=103506"}],"curies":[{"name":"wp","href":"https:\/\/api.w.org\/{rel}","templated":true}]}}