{"id":103509,"date":"2023-09-08T15:31:59","date_gmt":"2023-09-08T15:31:59","guid":{"rendered":"https:\/\/primicias2262.com\/noticias\/?p=103509"},"modified":"2023-09-09T22:15:14","modified_gmt":"2023-09-09T22:15:14","slug":"orlando-ratifico-el-apoyo-del-erf-a-rojas-y-afirmo-que-con-migueles-el-negocio-lo-hace-gonzalo-diez","status":"publish","type":"post","link":"https:\/\/primicias2262.com\/noticias\/orlando-ratifico-el-apoyo-del-erf-a-rojas-y-afirmo-que-con-migueles-el-negocio-lo-hace-gonzalo-diez\/","title":{"rendered":"Orlando ratific\u00f3 el apoyo del ERF a Rojas y afirm\u00f3 que con Migueles \u201cel negocio lo hace Gonzalo Diez\u201d"},"content":{"rendered":"<p><strong>El referente del Encuentro Republicano Federal, H\u00e9ctor Mart\u00edn Orlando, confirm\u00f3 en \u201cVoces de la Ciudad\u201d que a nivel nacional acompa\u00f1ar\u00e1n la candidatura a presidente de Patricia Bullrich y en Provincia la de N\u00e9stor Grindetti a gobernador, pero no lo har\u00e1n as\u00ed con Mart\u00edn Migueles, sino con el proyecto del actual intendente Arturo Rojas.<\/strong><\/p>\n<p>En di\u00e1logo con el periodista Jorge G\u00f3mez, Orlando ratific\u00f3 que \u201cdespu\u00e9s de que no pudi\u00e9ramos seguir adelante en la contienda por la intendencia, a nivel local lo hemos manifestado y decidido en asamblea democr\u00e1tica que vamos a apoyar el mejor proyecto de la ciudad, que es sin lugar a dudas el del intendente Arturo Rojas, por eso trabajamos por el corte de la boleta, la gente no es tonta y por eso vot\u00f3 al intendente\u201d.<\/p>\n<p>Incluso, revel\u00f3 que \u201cen nuestro local partidario de 59 entre 84 y 86 nos hemos reunido con diferentes fuerzas que tienen su voto a nivel nacional y provincial, como los sectores de apoyo a Schiaretti, pero que van a acompa\u00f1ar al intendente municipal con la camiseta de Necochea puesta\u201d.<\/p>\n<p>Aprovechando la llegada de Patricia Bullrich a la ciudad, Orlando habl\u00f3 del espacio en general y a la hora de poner la lupa en lo local argument\u00f3 que \u201ca Mart\u00edn Migueles lo conozco desde hace mucho tiempo, no est\u00e1bamos conformes con el trabajo en su momento, nosotros ten\u00edamos mucho trabajo desarrollado con Gast\u00f3n Guarracino, pero aparte la postura pol\u00edtica que toma Migueles es incorrecta porque beneficia al radicalismo\u201d.<\/p>\n<p>Acot\u00f3 con respecto a ello que \u201cera muy dif\u00edcil que se le pudiera ganar al intendente y eso qued\u00f3 plasmado en las PASO con un n\u00famero importante, para el que vamos a trabajar para que sea mayor y le permita una soltura mayor en el Concejo Deliberante para poder gobernar, pero el negocio lo hace Gonzalo Diez, porque si llegase Migueles a meter dos concejales son los dos del radicalismo\u201d, en alusi\u00f3n a Rodrigo Irigoyen y Dolores Souto.<\/p>\n<p>\u201cSi yo tengo una lista abierta plural y participativa, todos los sectores que est\u00e1n en Juntos participan en esa lista, pero esta es una lista cerrada y sectaria, y por eso no lo vamos a acompa\u00f1ar a Migueles\u201d, reafirm\u00f3.<\/p>\n","protected":false},"excerpt":{"rendered":"<p>El referente del Encuentro Republicano Federal, H\u00e9ctor Mart\u00edn Orlando, confirm\u00f3 en \u201cVoces de la Ciudad\u201d que a nivel nacional acompa\u00f1ar\u00e1n la candidatura a presidente de Patricia Bullrich y en Provincia la de N\u00e9stor Grindetti a gobernador, pero no lo har\u00e1n as\u00ed con Mart\u00edn Migueles, sino con el proyecto del actual intendente Arturo Rojas. En di\u00e1logo [&hellip;]<\/p>\n","protected":false},"author":3,"featured_media":103510,"comment_status":"open","ping_status":"open","sticky":false,"template":"","format":"standard","meta":{"footnotes":""},"categories":[3],"tags":[],"class_list":["post-103509","post","type-post","status-publish","format-standard","has-post-thumbnail","category-masnoticias"],"_links":{"self":[{"href":"https:\/\/primicias2262.com\/noticias\/wp-json\/wp\/v2\/posts\/103509","targetHints":{"allow":["GET"]}}],"collection":[{"href":"https:\/\/primicias2262.com\/noticias\/wp-json\/wp\/v2\/posts"}],"about":[{"href":"https:\/\/primicias2262.com\/noticias\/wp-json\/wp\/v2\/types\/post"}],"author":[{"embeddable":true,"href":"https:\/\/primicias2262.com\/noticias\/wp-json\/wp\/v2\/users\/3"}],"replies":[{"embeddable":true,"href":"https:\/\/primicias2262.com\/noticias\/wp-json\/wp\/v2\/comments?post=103509"}],"version-history":[{"count":1,"href":"https:\/\/primicias2262.com\/noticias\/wp-json\/wp\/v2\/posts\/103509\/revisions"}],"predecessor-version":[{"id":103511,"href":"https:\/\/primicias2262.com\/noticias\/wp-json\/wp\/v2\/posts\/103509\/revisions\/103511"}],"wp:featuredmedia":[{"embeddable":true,"href":"https:\/\/primicias2262.com\/noticias\/wp-json\/wp\/v2\/media\/103510"}],"wp:attachment":[{"href":"https:\/\/primicias2262.com\/noticias\/wp-json\/wp\/v2\/media?parent=103509"}],"wp:term":[{"taxonomy":"category","embeddable":true,"href":"https:\/\/primicias2262.com\/noticias\/wp-json\/wp\/v2\/categories?post=103509"},{"taxonomy":"post_tag","embeddable":true,"href":"https:\/\/primicias2262.com\/noticias\/wp-json\/wp\/v2\/tags?post=103509"}],"curies":[{"name":"wp","href":"https:\/\/api.w.org\/{rel}","templated":true}]}}