{"id":103516,"date":"2023-09-09T21:42:20","date_gmt":"2023-09-09T21:42:20","guid":{"rendered":"https:\/\/primicias2262.com\/noticias\/?p=103516"},"modified":"2023-09-11T15:53:18","modified_gmt":"2023-09-11T15:53:18","slug":"el-suicidio-puede-prevenirse-el-sas-recuerda-una-fecha-muy-especial","status":"publish","type":"post","link":"https:\/\/primicias2262.com\/noticias\/el-suicidio-puede-prevenirse-el-sas-recuerda-una-fecha-muy-especial\/","title":{"rendered":"\u201cEl suicidio puede prevenirse\u201d: El SAS recuerda una fecha muy especial"},"content":{"rendered":"<p><strong>Este 10 de septiembre se conmemorar\u00e1 el D\u00eda Mundial para la Prevenci\u00f3n del Suicidio, una jornada de reflexi\u00f3n que tiene como objetivo centrar la atenci\u00f3n en el problema, reducir el estigma y crear conciencia. Conoc\u00e9 el trabajo del Servicio de Atenci\u00f3n al Suicida en Necochea, 365 d\u00edas al a\u00f1o y un compromiso desinteresado.<\/strong><\/p>\n<p>Este domingo 10 de septiembre, como cada a\u00f1o desde el 2003, se conmemora el D\u00eda Mundial para la Prevenci\u00f3n del Suicidio, una jornada de reflexi\u00f3n que tiene como objetivo centrar la atenci\u00f3n en el problema, reducir el estigma asociado a \u00e9l y crear conciencia entre las organizaciones, gobiernos y el p\u00fablico, dando el mensaje singular de que el suicidio puede prevenirse.<\/p>\n<p>La fecha fue establecida hace dos d\u00e9cadas por la Asociaci\u00f3n Internacional para la Prevenci\u00f3n del Suicidio junto con la Organizaci\u00f3n Mundial de la Salud (OMS), y en nuestro distrito adhiere a la actividad el Servicio de Atenci\u00f3n al Suicida (SAS), que opera las 24 horas del d\u00eda, los 365 d\u00edas del a\u00f1o, mediante la l\u00ednea telef\u00f3nica 135, con sede f\u00edsica en el Hospital Municipal \u201cDr. Emilio Ferreyra\u201d.<\/p>\n<div class=\"wp-block-media-text is-stacked-on-mobile is-vertically-aligned-top\">\n<div class=\"wp-block-media-text__content\">\n<p>Apoyados en los informes de la OMS, desde el espacio dependiente de la Secretar\u00eda de Salud explicaron que \u201cel suicidio es un problema importante de salud p\u00fablica con consecuencias sociales, emocionales y econ\u00f3micas de gran alcance\u201d.<\/p>\n<p>Seg\u00fan estimaciones del organismo internacional, se calcula que actualmente se producen m\u00e1s de 700 mil suicidios al a\u00f1o en todo el mundo, y cada uno de ellos afecta profundamente a muchas m\u00e1s personas.<\/p>\n<p>\u201cCrear esperanza a trav\u00e9s de la acci\u00f3n\u201d es el tema trienal del D\u00eda Mundial para la Prevenci\u00f3n del Suicidio de 2021-2023. Este axioma sirve como una poderosa llamada a la acci\u00f3n, como recordatorio de que hay una alternativa al suicidio y de que a trav\u00e9s de nuestras acciones podemos alentar la esperanza y fortalecer la prevenci\u00f3n.<\/p>\n<p>Tambi\u00e9n sirve como recordatorio de que la prevenci\u00f3n del suicidio es una prioridad de salud p\u00fablica y de que se requieren medidas urgentes para reducir las tasas de mortalidad por esta causa.<\/p>\n<p>&nbsp;<\/p>\n<\/div>\n<\/div>\n<p>En v\u00edsperas de la fecha y sobre el accionar local, la referente del SAS, Patricia Fucci, explic\u00f3 que la atenci\u00f3n que se brinda a trav\u00e9s del servicio es \u201cde manera confidencial y gratuita\u201d, recordando que en nuestro distrito \u201cfunciona desde el a\u00f1o 1997, con el objetivo de brindar contenci\u00f3n como primera medida ante el llamado desesperado\u201d.<\/p>\n<p>Adem\u00e1s, revel\u00f3 que el servicio \u201cest\u00e1 integrado por dos pilares fundamentales: uno que tiene que ver con la l\u00ednea telef\u00f3nica a cargo de personas capacitadas y que son voluntarias\u201d, pero tambi\u00e9n \u201cla atenci\u00f3n cl\u00ednica en el mismo hospital\u201d.<\/p>\n<p>\u201cLa prevenci\u00f3n del suicidio es un compromiso de toda la poblaci\u00f3n porque todos podemos estar atentos y ayudar ante las se\u00f1ales de personas en crisis\u201d, enfatiz\u00f3 para concientizar, aprovechando esta tan importante fecha.<\/p>\n","protected":false},"excerpt":{"rendered":"<p>Este 10 de septiembre se conmemorar\u00e1 el D\u00eda Mundial para la Prevenci\u00f3n del Suicidio, una jornada de reflexi\u00f3n que tiene como objetivo centrar la atenci\u00f3n en el problema, reducir el estigma y crear conciencia. Conoc\u00e9 el trabajo del Servicio de Atenci\u00f3n al Suicida en Necochea, 365 d\u00edas al a\u00f1o y un compromiso desinteresado. Este domingo [&hellip;]<\/p>\n","protected":false},"author":3,"featured_media":103517,"comment_status":"open","ping_status":"open","sticky":false,"template":"","format":"standard","meta":{"footnotes":""},"categories":[3],"tags":[],"class_list":["post-103516","post","type-post","status-publish","format-standard","has-post-thumbnail","category-masnoticias"],"_links":{"self":[{"href":"https:\/\/primicias2262.com\/noticias\/wp-json\/wp\/v2\/posts\/103516","targetHints":{"allow":["GET"]}}],"collection":[{"href":"https:\/\/primicias2262.com\/noticias\/wp-json\/wp\/v2\/posts"}],"about":[{"href":"https:\/\/primicias2262.com\/noticias\/wp-json\/wp\/v2\/types\/post"}],"author":[{"embeddable":true,"href":"https:\/\/primicias2262.com\/noticias\/wp-json\/wp\/v2\/users\/3"}],"replies":[{"embeddable":true,"href":"https:\/\/primicias2262.com\/noticias\/wp-json\/wp\/v2\/comments?post=103516"}],"version-history":[{"count":2,"href":"https:\/\/primicias2262.com\/noticias\/wp-json\/wp\/v2\/posts\/103516\/revisions"}],"predecessor-version":[{"id":103550,"href":"https:\/\/primicias2262.com\/noticias\/wp-json\/wp\/v2\/posts\/103516\/revisions\/103550"}],"wp:featuredmedia":[{"embeddable":true,"href":"https:\/\/primicias2262.com\/noticias\/wp-json\/wp\/v2\/media\/103517"}],"wp:attachment":[{"href":"https:\/\/primicias2262.com\/noticias\/wp-json\/wp\/v2\/media?parent=103516"}],"wp:term":[{"taxonomy":"category","embeddable":true,"href":"https:\/\/primicias2262.com\/noticias\/wp-json\/wp\/v2\/categories?post=103516"},{"taxonomy":"post_tag","embeddable":true,"href":"https:\/\/primicias2262.com\/noticias\/wp-json\/wp\/v2\/tags?post=103516"}],"curies":[{"name":"wp","href":"https:\/\/api.w.org\/{rel}","templated":true}]}}