{"id":103531,"date":"2023-09-09T22:12:59","date_gmt":"2023-09-09T22:12:59","guid":{"rendered":"https:\/\/primicias2262.com\/noticias\/?p=103531"},"modified":"2023-09-11T16:17:48","modified_gmt":"2023-09-11T16:17:48","slug":"bullrich-quiere-cambios-para-puerto-quequen-y-el-agro-en-necochea","status":"publish","type":"post","link":"https:\/\/primicias2262.com\/noticias\/bullrich-quiere-cambios-para-puerto-quequen-y-el-agro-en-necochea\/","title":{"rendered":"Bullrich quiere cambios para Puerto Quequ\u00e9n y el agro en Necochea"},"content":{"rendered":"<p>La candidata a presidente de Juntos por el Cambio, Patricia Bullrich, quien visit\u00f3 Necochea invitada por el candidato a intendente Mart\u00edn Migueles, quien la recibi\u00f3 en un establecimiento agropecuario en el que la esperaban un gran n\u00famero de productores, contratistas y vecinos que tuvieron la oportunidad de conversar acerca de los desaf\u00edos que atraviesa el sector.<\/p>\n<p>Bullrich, expuso sus propuestas de trabajo e indic\u00f3 que un equipo especializado est\u00e1 al frente de las mismas, destacando la importancia de eliminar retenciones para toda la producci\u00f3n, establecer un sistema bimonetarista que permita estabilidad dialog\u00f3 con productores acerca de su plan para optimizar la log\u00edstica para que el distrito potencie su perfil agroexportador como motor del crecimiento econ\u00f3mico.<\/p>\n<p>Luego del encuentro al que arrib\u00f3 acompa\u00f1ada por Cristian Ritondo, se dirigi\u00f3 junto a Migueles a la Terminal Portuaria ACA, donde pudo conversar con operadores, transportistas y autoridades. All\u00ed, Migueles manifest\u00f3 la importancia de reordenar el sector portuario de manera que su administraci\u00f3n sea aut\u00f3noma, Adem\u00e1s, se plante\u00f3 la necesidad de optimizar el tr\u00e1nsito de camiones a trav\u00e9s de un plan integral de transporte terrestre.<\/p>\n<p>\u201cQueremos reordenar el sector portuario para que pueda desarrollarse y crecer con fuerza en materia de exportaciones y operaciones que generen divisas y trabajo\u201d expres\u00f3 Bullrich y concluy\u00f3: \u201cnunca m\u00e1s el puerto va a ser utilizado como una caja pol\u00edtica.\u201d<\/p>\n<p>Para finalizar la recorrida, la comitiva se dirigi\u00f3 a un caf\u00e9 c\u00e9ntrico en donde los esperaban vecinos y periodistas con quienes convers\u00f3 Bullrich, all\u00ed analiz\u00f3 la estrategia de campa\u00f1a de Juntos por el Cambio de cara a las elecciones de Octubre destacando la unidad del espacio y el apoyo a la candidatura de Migueles, quien fue respaldado por todo el arco pol\u00edtico de Juntos en Necochea.<\/p>\n<p>Luego de saludar y dialogar con vecinos que se acercaron, la candidata a presidente expres\u00f3 su apoyo a Migueles alentando a los presentes a acompa\u00f1ar a todo el equipo para lograr el verdadero cambio que la ciudad, la provincia y el pa\u00eds necesitan.<\/p>\n<p><strong>FOTO: Estefania Dray<\/strong><\/p>\n","protected":false},"excerpt":{"rendered":"<p>La candidata a presidente de Juntos por el Cambio, Patricia Bullrich, quien visit\u00f3 Necochea invitada por el candidato a intendente Mart\u00edn Migueles, quien la recibi\u00f3 en un establecimiento agropecuario en el que la esperaban un gran n\u00famero de productores, contratistas y vecinos que tuvieron la oportunidad de conversar acerca de los desaf\u00edos que atraviesa el [&hellip;]<\/p>\n","protected":false},"author":3,"featured_media":103536,"comment_status":"open","ping_status":"open","sticky":false,"template":"","format":"standard","meta":{"footnotes":""},"categories":[3],"tags":[],"class_list":["post-103531","post","type-post","status-publish","format-standard","has-post-thumbnail","category-masnoticias"],"_links":{"self":[{"href":"https:\/\/primicias2262.com\/noticias\/wp-json\/wp\/v2\/posts\/103531","targetHints":{"allow":["GET"]}}],"collection":[{"href":"https:\/\/primicias2262.com\/noticias\/wp-json\/wp\/v2\/posts"}],"about":[{"href":"https:\/\/primicias2262.com\/noticias\/wp-json\/wp\/v2\/types\/post"}],"author":[{"embeddable":true,"href":"https:\/\/primicias2262.com\/noticias\/wp-json\/wp\/v2\/users\/3"}],"replies":[{"embeddable":true,"href":"https:\/\/primicias2262.com\/noticias\/wp-json\/wp\/v2\/comments?post=103531"}],"version-history":[{"count":3,"href":"https:\/\/primicias2262.com\/noticias\/wp-json\/wp\/v2\/posts\/103531\/revisions"}],"predecessor-version":[{"id":103560,"href":"https:\/\/primicias2262.com\/noticias\/wp-json\/wp\/v2\/posts\/103531\/revisions\/103560"}],"wp:featuredmedia":[{"embeddable":true,"href":"https:\/\/primicias2262.com\/noticias\/wp-json\/wp\/v2\/media\/103536"}],"wp:attachment":[{"href":"https:\/\/primicias2262.com\/noticias\/wp-json\/wp\/v2\/media?parent=103531"}],"wp:term":[{"taxonomy":"category","embeddable":true,"href":"https:\/\/primicias2262.com\/noticias\/wp-json\/wp\/v2\/categories?post=103531"},{"taxonomy":"post_tag","embeddable":true,"href":"https:\/\/primicias2262.com\/noticias\/wp-json\/wp\/v2\/tags?post=103531"}],"curies":[{"name":"wp","href":"https:\/\/api.w.org\/{rel}","templated":true}]}}