{"id":103551,"date":"2023-09-11T16:17:35","date_gmt":"2023-09-11T16:17:35","guid":{"rendered":"https:\/\/primicias2262.com\/noticias\/?p=103551"},"modified":"2023-09-12T17:00:32","modified_gmt":"2023-09-12T17:00:32","slug":"un-gran-festejo-del-dia-del-nino-se-organizo-para-la-familia-del-sindicato-de-aceiteros","status":"publish","type":"post","link":"https:\/\/primicias2262.com\/noticias\/un-gran-festejo-del-dia-del-nino-se-organizo-para-la-familia-del-sindicato-de-aceiteros\/","title":{"rendered":"Un gran festejo del D\u00eda del Ni\u00f1o se organiz\u00f3 para la familia del Sindicato de Aceiteros"},"content":{"rendered":"<p><strong>Uno de los hist\u00f3ricos integrantes del Sindicato de Obreros y Empleados Aceiteros de Quequ\u00e9n, Alfredo Giuliano, expres\u00f3 su satisfacci\u00f3n por la jornada llevada adelante en la sede del gremio, ubicado en calle 548 n\u00ba 954, durante el \u00faltimo s\u00e1bado.<\/strong><\/p>\n<p>Ante la consulta por los festejos del D\u00eda del Ni\u00f1o del periodista Jorge G\u00f3mez en \u201cVoces de la Ciudad\u201d, Giuliano manifest\u00f3 que \u201clo venimos haciendo a\u00f1o tras a\u00f1o, nunca se dej\u00f3 de hacer y es gracias al aporte que hace la gente mes a mes, y en realidad le devolvemos algo por lo menos, ya que estamos sufriendo muchos problemas dentro del gremio, pero quiero que la gente est\u00e9 contenta y as\u00ed se debe trabajar, el sindicato con la gente y viceversa, as\u00ed que esto es todo de ellos\u201d.<\/p>\n<p><a href=\"https:\/\/primicias2262.com\/noticias\/wp-content\/uploads\/2023\/09\/WhatsApp-Image-2023-09-11-at-12.09.54-PM1.jpeg\"><img loading=\"lazy\" decoding=\"async\" class=\"aligncenter size-full wp-image-103553\" src=\"https:\/\/primicias2262.com\/noticias\/wp-content\/uploads\/2023\/09\/WhatsApp-Image-2023-09-11-at-12.09.54-PM1.jpeg\" alt=\"\" width=\"1156\" height=\"867\" srcset=\"https:\/\/primicias2262.com\/noticias\/wp-content\/uploads\/2023\/09\/WhatsApp-Image-2023-09-11-at-12.09.54-PM1.jpeg 1156w, https:\/\/primicias2262.com\/noticias\/wp-content\/uploads\/2023\/09\/WhatsApp-Image-2023-09-11-at-12.09.54-PM1-300x225.jpeg 300w, https:\/\/primicias2262.com\/noticias\/wp-content\/uploads\/2023\/09\/WhatsApp-Image-2023-09-11-at-12.09.54-PM1-1024x768.jpeg 1024w, https:\/\/primicias2262.com\/noticias\/wp-content\/uploads\/2023\/09\/WhatsApp-Image-2023-09-11-at-12.09.54-PM1-768x576.jpeg 768w, https:\/\/primicias2262.com\/noticias\/wp-content\/uploads\/2023\/09\/WhatsApp-Image-2023-09-11-at-12.09.54-PM1-150x113.jpeg 150w, https:\/\/primicias2262.com\/noticias\/wp-content\/uploads\/2023\/09\/WhatsApp-Image-2023-09-11-at-12.09.54-PM1-696x522.jpeg 696w, https:\/\/primicias2262.com\/noticias\/wp-content\/uploads\/2023\/09\/WhatsApp-Image-2023-09-11-at-12.09.54-PM1-1068x801.jpeg 1068w\" sizes=\"auto, (max-width: 1156px) 100vw, 1156px\" \/><\/a>Giuliano record\u00f3 que \u201csomos cerca de 300 afiliados y ver que estaban todos en Necopesca el s\u00e1bado fue una alegr\u00eda b\u00e1rbara, el clima acompa\u00f1\u00f3 y hab\u00eda que ver la alegr\u00eda de los chicos cuando sacaban las bicicletas, y tambi\u00e9n hab\u00eda bolsas de golosinas que se reparti\u00f3 a todos los chicos\u201d.<\/p>\n<p>Sintetiz\u00f3 con orgullo que \u201ctodos los a\u00f1os trabajamos igual: empezamos a principio de a\u00f1o a repartir \u00fatiles para los chicos; luego se festeja el D\u00eda del Trabajador; se les hace un asado todos los a\u00f1os a toda la gente que trabaja; a fin de a\u00f1o se va a hacer un festejo para todos y luego entregaremos la canasta navide\u00f1a; y as\u00ed vamos trabajando a\u00f1o tras a\u00f1o, no es ninguna novedad, el afiliado lo sabe bien y lo vamos a seguir haciendo hasta que me jubile\u201d.<\/p>\n<div id='gallery-1' class='gallery galleryid-103551 gallery-columns-3 gallery-size-medium'><figure class='gallery-item'>\n\t\t\t<div class='gallery-icon portrait'>\n\t\t\t\t<a href='https:\/\/primicias2262.com\/noticias\/un-gran-festejo-del-dia-del-nino-se-organizo-para-la-familia-del-sindicato-de-aceiteros\/whatsapp-image-2023-09-11-at-12-09-57-pm\/'><img loading=\"lazy\" decoding=\"async\" width=\"225\" height=\"300\" src=\"https:\/\/primicias2262.com\/noticias\/wp-content\/uploads\/2023\/09\/WhatsApp-Image-2023-09-11-at-12.09.57-PM-225x300.jpeg\" class=\"attachment-medium size-medium\" alt=\"\" srcset=\"https:\/\/primicias2262.com\/noticias\/wp-content\/uploads\/2023\/09\/WhatsApp-Image-2023-09-11-at-12.09.57-PM-225x300.jpeg 225w, https:\/\/primicias2262.com\/noticias\/wp-content\/uploads\/2023\/09\/WhatsApp-Image-2023-09-11-at-12.09.57-PM-768x1024.jpeg 768w, https:\/\/primicias2262.com\/noticias\/wp-content\/uploads\/2023\/09\/WhatsApp-Image-2023-09-11-at-12.09.57-PM-1152x1536.jpeg 1152w, https:\/\/primicias2262.com\/noticias\/wp-content\/uploads\/2023\/09\/WhatsApp-Image-2023-09-11-at-12.09.57-PM-150x200.jpeg 150w, https:\/\/primicias2262.com\/noticias\/wp-content\/uploads\/2023\/09\/WhatsApp-Image-2023-09-11-at-12.09.57-PM-300x400.jpeg 300w, https:\/\/primicias2262.com\/noticias\/wp-content\/uploads\/2023\/09\/WhatsApp-Image-2023-09-11-at-12.09.57-PM-696x928.jpeg 696w, https:\/\/primicias2262.com\/noticias\/wp-content\/uploads\/2023\/09\/WhatsApp-Image-2023-09-11-at-12.09.57-PM-1068x1424.jpeg 1068w, https:\/\/primicias2262.com\/noticias\/wp-content\/uploads\/2023\/09\/WhatsApp-Image-2023-09-11-at-12.09.57-PM.jpeg 1200w\" sizes=\"auto, (max-width: 225px) 100vw, 225px\" \/><\/a>\n\t\t\t<\/div><\/figure><figure class='gallery-item'>\n\t\t\t<div class='gallery-icon portrait'>\n\t\t\t\t<a href='https:\/\/primicias2262.com\/noticias\/un-gran-festejo-del-dia-del-nino-se-organizo-para-la-familia-del-sindicato-de-aceiteros\/whatsapp-image-2023-09-11-at-12-09-56-pm\/'><img loading=\"lazy\" decoding=\"async\" width=\"169\" height=\"300\" src=\"https:\/\/primicias2262.com\/noticias\/wp-content\/uploads\/2023\/09\/WhatsApp-Image-2023-09-11-at-12.09.56-PM-169x300.jpeg\" class=\"attachment-medium size-medium\" alt=\"\" srcset=\"https:\/\/primicias2262.com\/noticias\/wp-content\/uploads\/2023\/09\/WhatsApp-Image-2023-09-11-at-12.09.56-PM-169x300.jpeg 169w, https:\/\/primicias2262.com\/noticias\/wp-content\/uploads\/2023\/09\/WhatsApp-Image-2023-09-11-at-12.09.56-PM-577x1024.jpeg 577w, https:\/\/primicias2262.com\/noticias\/wp-content\/uploads\/2023\/09\/WhatsApp-Image-2023-09-11-at-12.09.56-PM-768x1364.jpeg 768w, https:\/\/primicias2262.com\/noticias\/wp-content\/uploads\/2023\/09\/WhatsApp-Image-2023-09-11-at-12.09.56-PM-865x1536.jpeg 865w, https:\/\/primicias2262.com\/noticias\/wp-content\/uploads\/2023\/09\/WhatsApp-Image-2023-09-11-at-12.09.56-PM-150x266.jpeg 150w, https:\/\/primicias2262.com\/noticias\/wp-content\/uploads\/2023\/09\/WhatsApp-Image-2023-09-11-at-12.09.56-PM-300x533.jpeg 300w, https:\/\/primicias2262.com\/noticias\/wp-content\/uploads\/2023\/09\/WhatsApp-Image-2023-09-11-at-12.09.56-PM-696x1236.jpeg 696w, https:\/\/primicias2262.com\/noticias\/wp-content\/uploads\/2023\/09\/WhatsApp-Image-2023-09-11-at-12.09.56-PM.jpeg 901w\" sizes=\"auto, (max-width: 169px) 100vw, 169px\" \/><\/a>\n\t\t\t<\/div><\/figure><figure class='gallery-item'>\n\t\t\t<div class='gallery-icon portrait'>\n\t\t\t\t<a href='https:\/\/primicias2262.com\/noticias\/un-gran-festejo-del-dia-del-nino-se-organizo-para-la-familia-del-sindicato-de-aceiteros\/whatsapp-image-2023-09-11-at-12-09-55-pm\/'><img loading=\"lazy\" decoding=\"async\" width=\"225\" height=\"300\" src=\"https:\/\/primicias2262.com\/noticias\/wp-content\/uploads\/2023\/09\/WhatsApp-Image-2023-09-11-at-12.09.55-PM-225x300.jpeg\" class=\"attachment-medium size-medium\" alt=\"\" srcset=\"https:\/\/primicias2262.com\/noticias\/wp-content\/uploads\/2023\/09\/WhatsApp-Image-2023-09-11-at-12.09.55-PM-225x300.jpeg 225w, https:\/\/primicias2262.com\/noticias\/wp-content\/uploads\/2023\/09\/WhatsApp-Image-2023-09-11-at-12.09.55-PM-768x1024.jpeg 768w, https:\/\/primicias2262.com\/noticias\/wp-content\/uploads\/2023\/09\/WhatsApp-Image-2023-09-11-at-12.09.55-PM-1152x1536.jpeg 1152w, https:\/\/primicias2262.com\/noticias\/wp-content\/uploads\/2023\/09\/WhatsApp-Image-2023-09-11-at-12.09.55-PM-150x200.jpeg 150w, https:\/\/primicias2262.com\/noticias\/wp-content\/uploads\/2023\/09\/WhatsApp-Image-2023-09-11-at-12.09.55-PM-300x400.jpeg 300w, https:\/\/primicias2262.com\/noticias\/wp-content\/uploads\/2023\/09\/WhatsApp-Image-2023-09-11-at-12.09.55-PM-696x928.jpeg 696w, https:\/\/primicias2262.com\/noticias\/wp-content\/uploads\/2023\/09\/WhatsApp-Image-2023-09-11-at-12.09.55-PM-1068x1424.jpeg 1068w, https:\/\/primicias2262.com\/noticias\/wp-content\/uploads\/2023\/09\/WhatsApp-Image-2023-09-11-at-12.09.55-PM.jpeg 1200w\" sizes=\"auto, (max-width: 225px) 100vw, 225px\" \/><\/a>\n\t\t\t<\/div><\/figure>\n\t\t<\/div>\n\n<p>En ese aspecto, se\u00f1al\u00f3 que \u201chace 40 a\u00f1os que est\u00e1 en el sindicato y espero que esto siga adelante\u201d, para anticipar en el cierre que \u201cestamos proyectando una obra para el sindicato en los terrenos que hemos comprado enfrente de la sede, que constar\u00e1 de un enorme quincho con una losa para el d\u00eda de ma\u00f1ana hacer una pileta de nataci\u00f3n y alguna confiter\u00eda para los afiliados, no nos quedamos y seguimos trabajando, mientras se pueda le meteremos para adelante\u201d.<\/p>\n<p><a href=\"https:\/\/primicias2262.com\/noticias\/wp-content\/uploads\/2023\/09\/WhatsApp-Image-2023-09-11-at-12.09.54-PM.jpeg\"><img loading=\"lazy\" decoding=\"async\" class=\"aligncenter size-full wp-image-103554\" src=\"https:\/\/primicias2262.com\/noticias\/wp-content\/uploads\/2023\/09\/WhatsApp-Image-2023-09-11-at-12.09.54-PM.jpeg\" alt=\"\" width=\"1600\" height=\"720\" srcset=\"https:\/\/primicias2262.com\/noticias\/wp-content\/uploads\/2023\/09\/WhatsApp-Image-2023-09-11-at-12.09.54-PM.jpeg 1600w, https:\/\/primicias2262.com\/noticias\/wp-content\/uploads\/2023\/09\/WhatsApp-Image-2023-09-11-at-12.09.54-PM-300x135.jpeg 300w, https:\/\/primicias2262.com\/noticias\/wp-content\/uploads\/2023\/09\/WhatsApp-Image-2023-09-11-at-12.09.54-PM-1024x461.jpeg 1024w, https:\/\/primicias2262.com\/noticias\/wp-content\/uploads\/2023\/09\/WhatsApp-Image-2023-09-11-at-12.09.54-PM-768x346.jpeg 768w, https:\/\/primicias2262.com\/noticias\/wp-content\/uploads\/2023\/09\/WhatsApp-Image-2023-09-11-at-12.09.54-PM-1536x691.jpeg 1536w, https:\/\/primicias2262.com\/noticias\/wp-content\/uploads\/2023\/09\/WhatsApp-Image-2023-09-11-at-12.09.54-PM-150x68.jpeg 150w, https:\/\/primicias2262.com\/noticias\/wp-content\/uploads\/2023\/09\/WhatsApp-Image-2023-09-11-at-12.09.54-PM-696x313.jpeg 696w, https:\/\/primicias2262.com\/noticias\/wp-content\/uploads\/2023\/09\/WhatsApp-Image-2023-09-11-at-12.09.54-PM-1068x481.jpeg 1068w\" sizes=\"auto, (max-width: 1600px) 100vw, 1600px\" \/><\/a> <a href=\"https:\/\/primicias2262.com\/noticias\/wp-content\/uploads\/2023\/09\/WhatsApp-Image-2023-09-11-at-1.16.42-PM.jpeg\"><img loading=\"lazy\" decoding=\"async\" class=\"aligncenter size-full wp-image-103558\" src=\"https:\/\/primicias2262.com\/noticias\/wp-content\/uploads\/2023\/09\/WhatsApp-Image-2023-09-11-at-1.16.42-PM.jpeg\" alt=\"\" width=\"899\" height=\"1599\" srcset=\"https:\/\/primicias2262.com\/noticias\/wp-content\/uploads\/2023\/09\/WhatsApp-Image-2023-09-11-at-1.16.42-PM.jpeg 899w, https:\/\/primicias2262.com\/noticias\/wp-content\/uploads\/2023\/09\/WhatsApp-Image-2023-09-11-at-1.16.42-PM-169x300.jpeg 169w, https:\/\/primicias2262.com\/noticias\/wp-content\/uploads\/2023\/09\/WhatsApp-Image-2023-09-11-at-1.16.42-PM-576x1024.jpeg 576w, https:\/\/primicias2262.com\/noticias\/wp-content\/uploads\/2023\/09\/WhatsApp-Image-2023-09-11-at-1.16.42-PM-768x1366.jpeg 768w, https:\/\/primicias2262.com\/noticias\/wp-content\/uploads\/2023\/09\/WhatsApp-Image-2023-09-11-at-1.16.42-PM-864x1536.jpeg 864w, https:\/\/primicias2262.com\/noticias\/wp-content\/uploads\/2023\/09\/WhatsApp-Image-2023-09-11-at-1.16.42-PM-150x267.jpeg 150w, https:\/\/primicias2262.com\/noticias\/wp-content\/uploads\/2023\/09\/WhatsApp-Image-2023-09-11-at-1.16.42-PM-300x534.jpeg 300w, https:\/\/primicias2262.com\/noticias\/wp-content\/uploads\/2023\/09\/WhatsApp-Image-2023-09-11-at-1.16.42-PM-696x1238.jpeg 696w\" sizes=\"auto, (max-width: 899px) 100vw, 899px\" \/><\/a><\/p>\n","protected":false},"excerpt":{"rendered":"<p>Uno de los hist\u00f3ricos integrantes del Sindicato de Obreros y Empleados Aceiteros de Quequ\u00e9n, Alfredo Giuliano, expres\u00f3 su satisfacci\u00f3n por la jornada llevada adelante en la sede del gremio, ubicado en calle 548 n\u00ba 954, durante el \u00faltimo s\u00e1bado. Ante la consulta por los festejos del D\u00eda del Ni\u00f1o del periodista Jorge G\u00f3mez en \u201cVoces [&hellip;]<\/p>\n","protected":false},"author":3,"featured_media":103552,"comment_status":"open","ping_status":"open","sticky":false,"template":"","format":"standard","meta":{"footnotes":""},"categories":[3],"tags":[],"class_list":["post-103551","post","type-post","status-publish","format-standard","has-post-thumbnail","category-masnoticias"],"_links":{"self":[{"href":"https:\/\/primicias2262.com\/noticias\/wp-json\/wp\/v2\/posts\/103551","targetHints":{"allow":["GET"]}}],"collection":[{"href":"https:\/\/primicias2262.com\/noticias\/wp-json\/wp\/v2\/posts"}],"about":[{"href":"https:\/\/primicias2262.com\/noticias\/wp-json\/wp\/v2\/types\/post"}],"author":[{"embeddable":true,"href":"https:\/\/primicias2262.com\/noticias\/wp-json\/wp\/v2\/users\/3"}],"replies":[{"embeddable":true,"href":"https:\/\/primicias2262.com\/noticias\/wp-json\/wp\/v2\/comments?post=103551"}],"version-history":[{"count":2,"href":"https:\/\/primicias2262.com\/noticias\/wp-json\/wp\/v2\/posts\/103551\/revisions"}],"predecessor-version":[{"id":103581,"href":"https:\/\/primicias2262.com\/noticias\/wp-json\/wp\/v2\/posts\/103551\/revisions\/103581"}],"wp:featuredmedia":[{"embeddable":true,"href":"https:\/\/primicias2262.com\/noticias\/wp-json\/wp\/v2\/media\/103552"}],"wp:attachment":[{"href":"https:\/\/primicias2262.com\/noticias\/wp-json\/wp\/v2\/media?parent=103551"}],"wp:term":[{"taxonomy":"category","embeddable":true,"href":"https:\/\/primicias2262.com\/noticias\/wp-json\/wp\/v2\/categories?post=103551"},{"taxonomy":"post_tag","embeddable":true,"href":"https:\/\/primicias2262.com\/noticias\/wp-json\/wp\/v2\/tags?post=103551"}],"curies":[{"name":"wp","href":"https:\/\/api.w.org\/{rel}","templated":true}]}}