{"id":103561,"date":"2023-09-11T16:42:01","date_gmt":"2023-09-11T16:42:01","guid":{"rendered":"https:\/\/primicias2262.com\/noticias\/?p=103561"},"modified":"2023-09-12T17:17:06","modified_gmt":"2023-09-12T17:17:06","slug":"el-relato-de-marta-la-mama-de-matias-no-era-necesario-que-le-peguen-una-trompada-para-sacarle-el-telefono","status":"publish","type":"post","link":"https:\/\/primicias2262.com\/noticias\/el-relato-de-marta-la-mama-de-matias-no-era-necesario-que-le-peguen-una-trompada-para-sacarle-el-telefono\/","title":{"rendered":"El relato de Marta, la mam\u00e1 de Mat\u00edas: \u201cNo era necesario que le peguen una trompada para sacarle el tel\u00e9fono\u201d"},"content":{"rendered":"<p><strong>En \u201cVoces de la Ciudad\u201d, Marta Schmidt, madre de Mat\u00edas Tr\u00edpano, cont\u00f3 c\u00f3mo fueran las horas posteriores al cobarde ataque que sufri\u00f3 su hijo con S\u00edndrome de Down en horas de la ma\u00f1ana del domingo, a quien no solo le robaron el tel\u00e9fono celular sino que lo da\u00f1aron en su rostro.<\/strong><\/p>\n<p>Ante la consulta del periodista Jorge G\u00f3mez, Marta se\u00f1al\u00f3 que \u201canoche fue una noche agitada porque hab\u00eda mucha gente que llamaba preocupada\u201d, y relat\u00f3 que \u201cyo me iba para Orense ayer y le dije a Mat\u00edas si quer\u00eda venir conmigo, pero se qued\u00f3 en Necochea porque me dijo que quer\u00eda ir a La Dulce a ver a Rivadavia y se iba con la combi del f\u00fatbol, pero resulta que cuando lleg\u00f3 a la cancha ah\u00ed no hab\u00eda nadie\u201d.<\/p>\n<p>Prosigui\u00f3 contando que \u201cestaba solo a las diez y pico de la ma\u00f1ana y al hablar por tel\u00e9fono conmigo quien lo atac\u00f3 habr\u00e1 visto que Mat\u00edas ten\u00eda el celular en el bolsillo, entonces este mal parido pas\u00f3 por delante de \u00e9l y le pidi\u00f3 el tel\u00e9fono, pero Mat\u00edas no se lo quer\u00eda dar ni por broma\u201d.<\/p>\n<p>Entonces \u201cMat\u00edas hizo fuerza con las manos en los bolsillos y all\u00ed le tir\u00f3 una trompada y le peg\u00f3 entre boca, nariz y ojo, y le dej\u00f3 el ojo negro al instante, le sac\u00f3 el tel\u00e9fono y sali\u00f3 corriendo, entonces \u00e9l se qued\u00f3 sentado\u201d, relat\u00f3 Marta, para agregar con enojo que \u201cno era necesario que le peguen una trompada para sacarle el tel\u00e9fono, seguramente que la persona que le hizo eso no lo conoce a Mat\u00edas\u201d.<\/p>\n<p>Asimismo, Marta subray\u00f3 un p\u00e1rrafo aparte para la socorrista de Mat\u00edas en la v\u00eda p\u00fablica, la vecina Ivana Switlicki: \u201cEs una chica que se comport\u00f3 de maravillas, como corresponde a un ser humano, porque lo alz\u00f3 y lo llev\u00f3 en el auto al hospital para que lo vieran porque estaba lleno de sangre y de ah\u00ed a la polic\u00eda, donde le preguntaron a qui\u00e9n llamaba y dieron con su t\u00eda M\u00f3nica, que es mi hermana, y la que me llam\u00f3 y anotici\u00f3 a m\u00ed\u201d.<\/p>\n<p>\u201cMi hermana fue a la polic\u00eda e Ivana estaba con Mat\u00edas todav\u00eda\u2026 la verdad es que un amor de chica, que justo iba a un cumplea\u00f1os y seguramente ha llegado un poco tarde por estar con Mat\u00edas, as\u00ed que despu\u00e9s la llam\u00e9 y le dej\u00e9 un mensaje porque no me pude comunicar\u201d.<\/p>\n<p>Finalmente, Marta Schmidt sintetiz\u00f3 que Mat\u00edas est\u00e1 mejor, \u201cdespu\u00e9s se qued\u00f3 todo el d\u00eda en casa y est\u00e1 con hielo\u201d, tras el repudiable y cobarde ataque que le toc\u00f3 vivir en carne propia.<\/p>\n","protected":false},"excerpt":{"rendered":"<p>En \u201cVoces de la Ciudad\u201d, Marta Schmidt, madre de Mat\u00edas Tr\u00edpano, cont\u00f3 c\u00f3mo fueran las horas posteriores al cobarde ataque que sufri\u00f3 su hijo con S\u00edndrome de Down en horas de la ma\u00f1ana del domingo, a quien no solo le robaron el tel\u00e9fono celular sino que lo da\u00f1aron en su rostro. Ante la consulta del [&hellip;]<\/p>\n","protected":false},"author":3,"featured_media":103562,"comment_status":"open","ping_status":"open","sticky":false,"template":"","format":"standard","meta":{"footnotes":""},"categories":[3],"tags":[],"class_list":["post-103561","post","type-post","status-publish","format-standard","has-post-thumbnail","category-masnoticias"],"_links":{"self":[{"href":"https:\/\/primicias2262.com\/noticias\/wp-json\/wp\/v2\/posts\/103561","targetHints":{"allow":["GET"]}}],"collection":[{"href":"https:\/\/primicias2262.com\/noticias\/wp-json\/wp\/v2\/posts"}],"about":[{"href":"https:\/\/primicias2262.com\/noticias\/wp-json\/wp\/v2\/types\/post"}],"author":[{"embeddable":true,"href":"https:\/\/primicias2262.com\/noticias\/wp-json\/wp\/v2\/users\/3"}],"replies":[{"embeddable":true,"href":"https:\/\/primicias2262.com\/noticias\/wp-json\/wp\/v2\/comments?post=103561"}],"version-history":[{"count":2,"href":"https:\/\/primicias2262.com\/noticias\/wp-json\/wp\/v2\/posts\/103561\/revisions"}],"predecessor-version":[{"id":103584,"href":"https:\/\/primicias2262.com\/noticias\/wp-json\/wp\/v2\/posts\/103561\/revisions\/103584"}],"wp:featuredmedia":[{"embeddable":true,"href":"https:\/\/primicias2262.com\/noticias\/wp-json\/wp\/v2\/media\/103562"}],"wp:attachment":[{"href":"https:\/\/primicias2262.com\/noticias\/wp-json\/wp\/v2\/media?parent=103561"}],"wp:term":[{"taxonomy":"category","embeddable":true,"href":"https:\/\/primicias2262.com\/noticias\/wp-json\/wp\/v2\/categories?post=103561"},{"taxonomy":"post_tag","embeddable":true,"href":"https:\/\/primicias2262.com\/noticias\/wp-json\/wp\/v2\/tags?post=103561"}],"curies":[{"name":"wp","href":"https:\/\/api.w.org\/{rel}","templated":true}]}}