{"id":103571,"date":"2023-09-12T10:56:33","date_gmt":"2023-09-12T10:56:33","guid":{"rendered":"https:\/\/primicias2262.com\/noticias\/?p=103571"},"modified":"2023-09-13T14:16:48","modified_gmt":"2023-09-13T14:16:48","slug":"la-cooperada-del-hospital-irurzun-avanza-con-cloacas-arreglos-de-vidrios-y-colocacion-de-aire-acondicionado","status":"publish","type":"post","link":"https:\/\/primicias2262.com\/noticias\/la-cooperada-del-hospital-irurzun-avanza-con-cloacas-arreglos-de-vidrios-y-colocacion-de-aire-acondicionado\/","title":{"rendered":"La cooperada del Hospital Irurzun avanza con cloacas, arreglos de vidrios y colocaci\u00f3n de aire acondicionado"},"content":{"rendered":"<p><strong>Uno de los integrantes de la Asociaci\u00f3n Civil Fomento por la Salud, del Hospital Irurzun, Jorge Salazar, pas\u00f3 por los estudios de \u201cVoces de la Ciudad\u201d y en nota con el periodista Jorge G\u00f3mez detall\u00f3 las prioridades que se encaran para antes de fin de a\u00f1o en el nosocomio de Quequ\u00e9n.<\/strong><\/p>\n<p>Desde la formaci\u00f3n oficial de la cooperadora este a\u00f1o con Pascual Corapi a la cabeza, quien falleciera meses despu\u00e9s, el grupo de Fomento por el Hospital Irurzun se propuso puntos fundamentales a concretar, como tener todos los libros y cumplir con todo lo reglamentario que exige Personer\u00eda Jur\u00eddica, y luego organizar la cena solidaria en recuerda de Corapi y meter manos a la obra en las prioridades del hospital.<\/p>\n<p>Respecto a ello, Salazar describi\u00f3 que \u201clo primero era la reparaci\u00f3n de los ba\u00f1os, hab\u00eda cloacas tapadas y hay que hacer una conexi\u00f3n desde 574 y 541 casi hasta la entrada al hospital con ca\u00f1o de 1600 mm, y de ah\u00ed va a una c\u00e1mara que conecta a los dos primeros ba\u00f1os, que est\u00e1n clausurados. Tenemos los ca\u00f1os comprados y presentamos un proyecto a la Municipalidad para la aprobaci\u00f3n, que a su vez nos ayuda con mano de obra. Ya en estas semanas se comenzar\u00e1 a trabajar para habilitar dos ba\u00f1os\u201d.<\/p>\n<p>Seguidamente, valor\u00f3 que \u201crecibimos tuvimos una donaci\u00f3n muy importante del Partido Justicialista, a trav\u00e9s de Marcelo \u201cChelo\u201d Rivero, se trata de un aire acondicionado de fr\u00edo\/calor para el hospital, el cual era muy grande y logramos cambiarlo por otros dos equipos de aire acondicionado que se instalar\u00e1n la semana que viene\u201d, para acotar que \u201cnecesitar\u00edamos otro equipo un poco m\u00e1s grande para el quir\u00f3fano, que sale algo m\u00e1s de 400 mil pesos y estamos en esas gestiones\u201d.<\/p>\n<p>En simult\u00e1neo a ello, Salazar se\u00f1al\u00f3 que \u201chay un mont\u00f3n de vidrios rotos en el hospital y nos regalaron el desmonte de la galer\u00eda de 62 y 57, donde estaba la feria americana de la Cooperadora del Hospital, as\u00ed que se retirar\u00e1n todo ese material con ayuda de Sergio Annechini y el personal de mantenimiento del hospital colocar\u00e1 los vidrios que faltan\u201d.<\/p>\n<p>\u201cPor supuesto que vamos a seguir haciendo cosas porque necesidades son muchas, pero hay que solucionar estos temas que son prioritarios\u201d, resalt\u00f3 Salazar, para finalizar con orgullo que \u201ctodos los d\u00edas nos acordamos de Pascual\u201d.<\/p>\n","protected":false},"excerpt":{"rendered":"<p>Uno de los integrantes de la Asociaci\u00f3n Civil Fomento por la Salud, del Hospital Irurzun, Jorge Salazar, pas\u00f3 por los estudios de \u201cVoces de la Ciudad\u201d y en nota con el periodista Jorge G\u00f3mez detall\u00f3 las prioridades que se encaran para antes de fin de a\u00f1o en el nosocomio de Quequ\u00e9n. Desde la formaci\u00f3n oficial [&hellip;]<\/p>\n","protected":false},"author":3,"featured_media":103573,"comment_status":"open","ping_status":"open","sticky":false,"template":"","format":"standard","meta":{"footnotes":""},"categories":[3],"tags":[],"class_list":["post-103571","post","type-post","status-publish","format-standard","has-post-thumbnail","category-masnoticias"],"_links":{"self":[{"href":"https:\/\/primicias2262.com\/noticias\/wp-json\/wp\/v2\/posts\/103571","targetHints":{"allow":["GET"]}}],"collection":[{"href":"https:\/\/primicias2262.com\/noticias\/wp-json\/wp\/v2\/posts"}],"about":[{"href":"https:\/\/primicias2262.com\/noticias\/wp-json\/wp\/v2\/types\/post"}],"author":[{"embeddable":true,"href":"https:\/\/primicias2262.com\/noticias\/wp-json\/wp\/v2\/users\/3"}],"replies":[{"embeddable":true,"href":"https:\/\/primicias2262.com\/noticias\/wp-json\/wp\/v2\/comments?post=103571"}],"version-history":[{"count":2,"href":"https:\/\/primicias2262.com\/noticias\/wp-json\/wp\/v2\/posts\/103571\/revisions"}],"predecessor-version":[{"id":103601,"href":"https:\/\/primicias2262.com\/noticias\/wp-json\/wp\/v2\/posts\/103571\/revisions\/103601"}],"wp:featuredmedia":[{"embeddable":true,"href":"https:\/\/primicias2262.com\/noticias\/wp-json\/wp\/v2\/media\/103573"}],"wp:attachment":[{"href":"https:\/\/primicias2262.com\/noticias\/wp-json\/wp\/v2\/media?parent=103571"}],"wp:term":[{"taxonomy":"category","embeddable":true,"href":"https:\/\/primicias2262.com\/noticias\/wp-json\/wp\/v2\/categories?post=103571"},{"taxonomy":"post_tag","embeddable":true,"href":"https:\/\/primicias2262.com\/noticias\/wp-json\/wp\/v2\/tags?post=103571"}],"curies":[{"name":"wp","href":"https:\/\/api.w.org\/{rel}","templated":true}]}}