{"id":103574,"date":"2023-09-12T16:57:30","date_gmt":"2023-09-12T16:57:30","guid":{"rendered":"https:\/\/primicias2262.com\/noticias\/?p=103574"},"modified":"2023-09-13T14:23:44","modified_gmt":"2023-09-13T14:23:44","slug":"se-inaugura-la-pista-de-atletismo-este-miercoles-en-el-polideportivo","status":"publish","type":"post","link":"https:\/\/primicias2262.com\/noticias\/se-inaugura-la-pista-de-atletismo-este-miercoles-en-el-polideportivo\/","title":{"rendered":"Se inaugura la pista de atletismo este mi\u00e9rcoles en el Polideportivo"},"content":{"rendered":"<p><strong>Con un acto que ser\u00e1 encabezado por el intendente Arturo Rojas, este mi\u00e9rcoles 13 de septiembre, a partir de las 13, se inaugurar\u00e1 oficialmente la pista de atletismo municipal en el predio del Polideportivo, en Av. 10 y 65, lo que saldar\u00e1 una larga deuda pendiente de la comunidad.<\/strong><\/p>\n<p>Se recuerda que la semana anterior la apertura de la pista debi\u00f3 postergarse por mal clima y tras la reprogramaci\u00f3n, est\u00e1 todo dado para vivir un momento hist\u00f3rico para el deporte del distrito.<\/p>\n<p>Ante un hecho de tal trascendencia para la ciudad, desde la Direcci\u00f3n de Deportes que encabeza Guadalupe Hern\u00e1ndez y depende de la Secretar\u00eda de Turismo y Desarrollo Productivo, se invita a toda la gente a participar de la ceremonia inaugural. \u201cEs un honor anunciar la inauguraci\u00f3n de la esperada pista de atletismo en nuestra ciudad\u201d, y \u201cestamos emocionados de compartir este logro con todos ustedes\u201d, expresaron.<\/p>\n<p>Por su parte, quien coordina la Escuela Municipal de Atletismo desde sus or\u00edgenes en el a\u00f1o 2009, el Prof. Mauro Cabrera, palpit\u00f3 con emoci\u00f3n que \u201cno hemos hecho otra cosa en los \u00faltimos casi 15 a\u00f1os que trabajar incansablemente para que la pista sea una realidad\u201d.<\/p>\n<p>\u201cJam\u00e1s la hemos pedido, pero s\u00ed hemos ido formando cada vez m\u00e1s deportistas y atletas, generando una demanda creciente que ha convertido a la pista en una necesidad, y eso ha hecho que los funcionarios puedan a trav\u00e9s de pol\u00edticas p\u00fablicas, junto al trabajo con Provincia y Naci\u00f3n, cumplir con una demanda de la comunidad de m\u00e1s de 20 a\u00f1os que siempre fue una deuda pendiente\u201d.<\/p>\n","protected":false},"excerpt":{"rendered":"<p>Con un acto que ser\u00e1 encabezado por el intendente Arturo Rojas, este mi\u00e9rcoles 13 de septiembre, a partir de las 13, se inaugurar\u00e1 oficialmente la pista de atletismo municipal en el predio del Polideportivo, en Av. 10 y 65, lo que saldar\u00e1 una larga deuda pendiente de la comunidad. Se recuerda que la semana anterior [&hellip;]<\/p>\n","protected":false},"author":3,"featured_media":103424,"comment_status":"open","ping_status":"open","sticky":false,"template":"","format":"standard","meta":{"footnotes":""},"categories":[3],"tags":[],"class_list":["post-103574","post","type-post","status-publish","format-standard","has-post-thumbnail","category-masnoticias"],"_links":{"self":[{"href":"https:\/\/primicias2262.com\/noticias\/wp-json\/wp\/v2\/posts\/103574","targetHints":{"allow":["GET"]}}],"collection":[{"href":"https:\/\/primicias2262.com\/noticias\/wp-json\/wp\/v2\/posts"}],"about":[{"href":"https:\/\/primicias2262.com\/noticias\/wp-json\/wp\/v2\/types\/post"}],"author":[{"embeddable":true,"href":"https:\/\/primicias2262.com\/noticias\/wp-json\/wp\/v2\/users\/3"}],"replies":[{"embeddable":true,"href":"https:\/\/primicias2262.com\/noticias\/wp-json\/wp\/v2\/comments?post=103574"}],"version-history":[{"count":1,"href":"https:\/\/primicias2262.com\/noticias\/wp-json\/wp\/v2\/posts\/103574\/revisions"}],"predecessor-version":[{"id":103575,"href":"https:\/\/primicias2262.com\/noticias\/wp-json\/wp\/v2\/posts\/103574\/revisions\/103575"}],"wp:featuredmedia":[{"embeddable":true,"href":"https:\/\/primicias2262.com\/noticias\/wp-json\/wp\/v2\/media\/103424"}],"wp:attachment":[{"href":"https:\/\/primicias2262.com\/noticias\/wp-json\/wp\/v2\/media?parent=103574"}],"wp:term":[{"taxonomy":"category","embeddable":true,"href":"https:\/\/primicias2262.com\/noticias\/wp-json\/wp\/v2\/categories?post=103574"},{"taxonomy":"post_tag","embeddable":true,"href":"https:\/\/primicias2262.com\/noticias\/wp-json\/wp\/v2\/tags?post=103574"}],"curies":[{"name":"wp","href":"https:\/\/api.w.org\/{rel}","templated":true}]}}