{"id":103578,"date":"2023-09-12T09:58:48","date_gmt":"2023-09-12T09:58:48","guid":{"rendered":"https:\/\/primicias2262.com\/noticias\/?p=103578"},"modified":"2023-09-13T14:11:28","modified_gmt":"2023-09-13T14:11:28","slug":"ya-esta-abierta-la-convocatoria-para-el-desfile-del-142o-aniversario-de-necochea","status":"publish","type":"post","link":"https:\/\/primicias2262.com\/noticias\/ya-esta-abierta-la-convocatoria-para-el-desfile-del-142o-aniversario-de-necochea\/","title":{"rendered":"Ya est\u00e1 abierta la convocatoria para el desfile del 142\u00ba Aniversario de Necochea"},"content":{"rendered":"<p><strong>Las instituciones y fuerzas vivas que deseen participar se pueden anotar en la Subsecretar\u00eda Privada del municipio o v\u00eda mail al \u00e1rea de Protocolo.<\/strong><\/p>\n<p>A exactamente un mes de que la ciudad cumpla sus primeros 142 a\u00f1os de vida, la Municipalidad convoca a instituciones educativas, deportivas, entidades intermedias, ONGs y a distintas fuerzas vivas del distrito a participar del Desfile C\u00edvico Militar por el 142\u00ba Aniversario de Necochea.<\/p>\n<p>El mismo se desarrollar\u00e1 el lunes 16 de octubre a partir de las 11. Ese d\u00eda ser\u00e1 feriado nacional, ya que se trasladar\u00e1 el D\u00eda del Respeto a la Diversidad Cultural, que es el 12 de octubre, y se juntar\u00e1 con el cierre de los festejos de aniversario de Necochea.<\/p>\n<p>Para anotarse y formar parte, los interesados se pueden comunicar a <a href=\"mailto:protocolonecochea@gmail.com\">protocolonecochea@gmail.com<\/a> o dirigirse directamente a la Subsecretar\u00eda Privada, en el primer piso del municipio.<\/p>\n<p><a href=\"https:\/\/primicias2262.com\/noticias\/wp-content\/uploads\/2023\/09\/PLACA-Desfile-142-Aniversario.jpeg\"><img loading=\"lazy\" decoding=\"async\" class=\"aligncenter size-full wp-image-103579\" src=\"https:\/\/primicias2262.com\/noticias\/wp-content\/uploads\/2023\/09\/PLACA-Desfile-142-Aniversario.jpeg\" alt=\"\" width=\"1280\" height=\"1600\" srcset=\"https:\/\/primicias2262.com\/noticias\/wp-content\/uploads\/2023\/09\/PLACA-Desfile-142-Aniversario.jpeg 1280w, https:\/\/primicias2262.com\/noticias\/wp-content\/uploads\/2023\/09\/PLACA-Desfile-142-Aniversario-240x300.jpeg 240w, https:\/\/primicias2262.com\/noticias\/wp-content\/uploads\/2023\/09\/PLACA-Desfile-142-Aniversario-819x1024.jpeg 819w, https:\/\/primicias2262.com\/noticias\/wp-content\/uploads\/2023\/09\/PLACA-Desfile-142-Aniversario-768x960.jpeg 768w, https:\/\/primicias2262.com\/noticias\/wp-content\/uploads\/2023\/09\/PLACA-Desfile-142-Aniversario-1229x1536.jpeg 1229w, https:\/\/primicias2262.com\/noticias\/wp-content\/uploads\/2023\/09\/PLACA-Desfile-142-Aniversario-150x188.jpeg 150w, https:\/\/primicias2262.com\/noticias\/wp-content\/uploads\/2023\/09\/PLACA-Desfile-142-Aniversario-300x375.jpeg 300w, https:\/\/primicias2262.com\/noticias\/wp-content\/uploads\/2023\/09\/PLACA-Desfile-142-Aniversario-696x870.jpeg 696w, https:\/\/primicias2262.com\/noticias\/wp-content\/uploads\/2023\/09\/PLACA-Desfile-142-Aniversario-1068x1335.jpeg 1068w\" sizes=\"auto, (max-width: 1280px) 100vw, 1280px\" \/><\/a><\/p>\n","protected":false},"excerpt":{"rendered":"<p>Las instituciones y fuerzas vivas que deseen participar se pueden anotar en la Subsecretar\u00eda Privada del municipio o v\u00eda mail al \u00e1rea de Protocolo. A exactamente un mes de que la ciudad cumpla sus primeros 142 a\u00f1os de vida, la Municipalidad convoca a instituciones educativas, deportivas, entidades intermedias, ONGs y a distintas fuerzas vivas del [&hellip;]<\/p>\n","protected":false},"author":3,"featured_media":101995,"comment_status":"open","ping_status":"open","sticky":false,"template":"","format":"standard","meta":{"footnotes":""},"categories":[3],"tags":[],"class_list":["post-103578","post","type-post","status-publish","format-standard","has-post-thumbnail","category-masnoticias"],"_links":{"self":[{"href":"https:\/\/primicias2262.com\/noticias\/wp-json\/wp\/v2\/posts\/103578","targetHints":{"allow":["GET"]}}],"collection":[{"href":"https:\/\/primicias2262.com\/noticias\/wp-json\/wp\/v2\/posts"}],"about":[{"href":"https:\/\/primicias2262.com\/noticias\/wp-json\/wp\/v2\/types\/post"}],"author":[{"embeddable":true,"href":"https:\/\/primicias2262.com\/noticias\/wp-json\/wp\/v2\/users\/3"}],"replies":[{"embeddable":true,"href":"https:\/\/primicias2262.com\/noticias\/wp-json\/wp\/v2\/comments?post=103578"}],"version-history":[{"count":1,"href":"https:\/\/primicias2262.com\/noticias\/wp-json\/wp\/v2\/posts\/103578\/revisions"}],"predecessor-version":[{"id":103580,"href":"https:\/\/primicias2262.com\/noticias\/wp-json\/wp\/v2\/posts\/103578\/revisions\/103580"}],"wp:featuredmedia":[{"embeddable":true,"href":"https:\/\/primicias2262.com\/noticias\/wp-json\/wp\/v2\/media\/101995"}],"wp:attachment":[{"href":"https:\/\/primicias2262.com\/noticias\/wp-json\/wp\/v2\/media?parent=103578"}],"wp:term":[{"taxonomy":"category","embeddable":true,"href":"https:\/\/primicias2262.com\/noticias\/wp-json\/wp\/v2\/categories?post=103578"},{"taxonomy":"post_tag","embeddable":true,"href":"https:\/\/primicias2262.com\/noticias\/wp-json\/wp\/v2\/tags?post=103578"}],"curies":[{"name":"wp","href":"https:\/\/api.w.org\/{rel}","templated":true}]}}