{"id":103582,"date":"2023-09-12T17:16:53","date_gmt":"2023-09-12T17:16:53","guid":{"rendered":"https:\/\/primicias2262.com\/noticias\/?p=103582"},"modified":"2023-09-14T12:49:10","modified_gmt":"2023-09-14T12:49:10","slug":"el-de-arturo-ha-sido-un-gobierno-de-cercania-total-al-vecino-y-todo-el-tiempo-no-solo-en-campana","status":"publish","type":"post","link":"https:\/\/primicias2262.com\/noticias\/el-de-arturo-ha-sido-un-gobierno-de-cercania-total-al-vecino-y-todo-el-tiempo-no-solo-en-campana\/","title":{"rendered":"\u201cEl de Arturo ha sido un gobierno de cercan\u00eda total al vecino y todo el tiempo, no solo en campa\u00f1a\u201d"},"content":{"rendered":"<p><strong>As\u00ed lo afirm\u00f3 la primera candidata a consejera escolar por Nueva Necochea, Paula Arg\u00fcello, durante una visita a los estudios de \u201cVoces de la Ciudad\u201d y con la campa\u00f1a que encabeza el actual intendente de cara a las elecciones generales de octubre sobre la escena.<\/strong><\/p>\n<p>En una nota realizada por el periodista Jorge G\u00f3mez, Arg\u00fcello primeramente se dirigi\u00f3 a los oyentes expresando respecto a las elecciones PASO que \u201cgracias por el voto de confianza a nuestra gesti\u00f3n, es un bien muy preciado porque se hab\u00eda perdido el confiar entre lo que se dice y lo que se hace, \u00a0que es lo que hemos hecho durante toda esta gesti\u00f3n, no es poca cosa y es muy dif\u00edcil de sostener\u201d.<\/p>\n<p>Ahora encarando las elecciones generales, se\u00f1al\u00f3 que \u201clos vecinos son los due\u00f1os de decidir c\u00f3mo continuaremos con la ciudad, Arturo (Rojas) ha hablado en estos \u00faltimos tiempos de gobernabilidad, que es lo que nos permite a los espacios pol\u00edticos cumplir con lo que nos comprometemos, y los vecinos tienen el arma m\u00e1s poderosa a favor de la gobernabilidad sin trabas, que es el voto: a mayor cantidad de votos, m\u00e1s concejales y m\u00e1s consejeros escolares, y m\u00e1s consensos a la hora de tomar decisiones y proyectar la ciudad que queremos, con m\u00e1s obras y m\u00e1s pol\u00edticas p\u00fablicas\u201d.<\/p>\n<p>En cuanto a Nueva Necochea, afirm\u00f3 Paula que \u201cArturo no se equivoc\u00f3 con plantear una lista vecinalista y lo cierto es que hoy estamos muy bien planteados pero nadie es conformista, al lado de Arturo nadie puede ser conformista, a veces las cosas no llegan, pero voluntad de hacer cosas que mejoran la vida de los vecinos tenemos todos los d\u00edas\u201d.<\/p>\n<p>En ese sentido, fue que recalc\u00f3 la importancia de la experiencia de la Oficina M\u00f3vil y el intercambio con los vecinos: \u201cNos permite saber qu\u00e9 necesitan realmente, este ha sido un gobierno de cercan\u00eda al vecino total y todo el tiempo, y no es que solo salimos en campa\u00f1a como dicen por ah\u00ed\u201d.<\/p>\n<p>Finalmente, se refiri\u00f3 al Consejo Escolar que le compete, manifestando que \u201cnecesitamos una mejora grande en infraestructura, si bien hemos hecho mucho lo cierto es que todav\u00eda no alcanza, as\u00ed que seguimos elevando proyectos a Provincia, junto a los gremios y Jefatura Distrital y Regional, con quienes planteamos en la mesa las necesidades m\u00e1s urgentes de las cuales salen los proyectos que se mandan a Provincia, y es la Provincia quien aprueba finalmente\u201d.<\/p>\n","protected":false},"excerpt":{"rendered":"<p>As\u00ed lo afirm\u00f3 la primera candidata a consejera escolar por Nueva Necochea, Paula Arg\u00fcello, durante una visita a los estudios de \u201cVoces de la Ciudad\u201d y con la campa\u00f1a que encabeza el actual intendente de cara a las elecciones generales de octubre sobre la escena. En una nota realizada por el periodista Jorge G\u00f3mez, Arg\u00fcello [&hellip;]<\/p>\n","protected":false},"author":3,"featured_media":102348,"comment_status":"open","ping_status":"open","sticky":false,"template":"","format":"standard","meta":{"footnotes":""},"categories":[3],"tags":[],"class_list":["post-103582","post","type-post","status-publish","format-standard","has-post-thumbnail","category-masnoticias"],"_links":{"self":[{"href":"https:\/\/primicias2262.com\/noticias\/wp-json\/wp\/v2\/posts\/103582","targetHints":{"allow":["GET"]}}],"collection":[{"href":"https:\/\/primicias2262.com\/noticias\/wp-json\/wp\/v2\/posts"}],"about":[{"href":"https:\/\/primicias2262.com\/noticias\/wp-json\/wp\/v2\/types\/post"}],"author":[{"embeddable":true,"href":"https:\/\/primicias2262.com\/noticias\/wp-json\/wp\/v2\/users\/3"}],"replies":[{"embeddable":true,"href":"https:\/\/primicias2262.com\/noticias\/wp-json\/wp\/v2\/comments?post=103582"}],"version-history":[{"count":2,"href":"https:\/\/primicias2262.com\/noticias\/wp-json\/wp\/v2\/posts\/103582\/revisions"}],"predecessor-version":[{"id":103617,"href":"https:\/\/primicias2262.com\/noticias\/wp-json\/wp\/v2\/posts\/103582\/revisions\/103617"}],"wp:featuredmedia":[{"embeddable":true,"href":"https:\/\/primicias2262.com\/noticias\/wp-json\/wp\/v2\/media\/102348"}],"wp:attachment":[{"href":"https:\/\/primicias2262.com\/noticias\/wp-json\/wp\/v2\/media?parent=103582"}],"wp:term":[{"taxonomy":"category","embeddable":true,"href":"https:\/\/primicias2262.com\/noticias\/wp-json\/wp\/v2\/categories?post=103582"},{"taxonomy":"post_tag","embeddable":true,"href":"https:\/\/primicias2262.com\/noticias\/wp-json\/wp\/v2\/tags?post=103582"}],"curies":[{"name":"wp","href":"https:\/\/api.w.org\/{rel}","templated":true}]}}