{"id":103585,"date":"2023-09-13T11:27:34","date_gmt":"2023-09-13T11:27:34","guid":{"rendered":"https:\/\/primicias2262.com\/noticias\/?p=103585"},"modified":"2023-09-14T13:33:48","modified_gmt":"2023-09-14T13:33:48","slug":"matias-sierra-se-refirio-a-las-actividades-de-septiembre-y-octubre-en-la-ciudad","status":"publish","type":"post","link":"https:\/\/primicias2262.com\/noticias\/matias-sierra-se-refirio-a-las-actividades-de-septiembre-y-octubre-en-la-ciudad\/","title":{"rendered":"Mat\u00edas Sierra se refiri\u00f3 a las actividades de septiembre y octubre en la ciudad"},"content":{"rendered":"<p><strong>A medida que mejora el clima, la oferta de actividades comienza a incrementarse en la ciudad y en tal sentido, el secretario de Turismo y Desarrollo Productivo, Mat\u00edas Sierra, inform\u00f3 sobre distintas acciones que se vienen en el corto plazo para el disfrute de toda la comunidad.<\/strong><\/p>\n<p>Mediante una comunicaci\u00f3n telef\u00f3nica con el periodista Jorge G\u00f3mez en \u201cVoces de la Ciudad\u201d, el funcionario confirm\u00f3 primeramente la inauguraci\u00f3n de la pista de atletismo para este mi\u00e9rcoles, al expresar que \u201cse est\u00e1n ultimando detalles con obras p\u00fablicas, mantenimiento del polideportivo y espacios p\u00fablicos, y realmente est\u00e1 quedando espectacular, la pista va a ser algo hist\u00f3rico y la comunidad tiene que estar orgullosa de lo que estaremos inaugurando\u201d.<\/p>\n<p>Al otro d\u00eda, el jueves, volver\u00e1 el programa de \u201cEl mercado\u201d, de 10.30 a 14 en la Plaza Dardo Rocha, acerca de lo que sintetiz\u00f3 que \u201cel clima nos est\u00e1 acompa\u00f1ando y ya vamos a empezar nuevamente con este programa, que ser\u00e1 el primer y segundo fin de semana de cada mes, aunque en este cao lo implementaremos el jueves\u201d.<\/p>\n<p>Para la otra semana, de cara al 21 de septiembre, celebraci\u00f3n del D\u00eda del estudiante, Sierra record\u00f3 que \u201cser\u00e1 en 91 y 10 con artistas locales y con chicos que est\u00e1n terminando la secundaria que podr\u00e1n comercializar sus productos en el evento para solventar su viaje de egresados\u201d. Esto arrancar\u00e1 a las 14 y durar\u00e1 hasta las 20, \u201c y esperamos una gran concurrencia porque hay muchos colegios anotados\u201d, se\u00f1al\u00f3.<\/p>\n<p>Apenas dos d\u00edas despu\u00e9s, el 23 y 24 se viene la competencia de areneros en Costa Bonita, lo cual \u201catrae mucho turismo, recordemos que en la \u00faltima edici\u00f3n hubo m\u00e1s de 4 mil personas y esperemos que el clima nos acompa\u00f1e, al igual que el Arena Series son fechas que ya tienen que quedar en el calendario de la ciudad\u201d, reconoci\u00f3 Mat\u00edas.<\/p>\n<p>Finalmente, se refiri\u00f3 al 142\u00ba Aniversario de Necochea, para el que resta exactamente un mes, y en lo que a su \u00e1rea compete, inform\u00f3 que \u201cdesde la Secretar\u00eda estamos convocando a los emprendedores, es un festejo bastante amplio (del 12 al 16 de octubre) y lo dividiremos en dos para los emprendedores para que m\u00e1s de ellos tengan la posibilidad\u201d.<\/p>\n<p>Incluso, anticip\u00f3 que \u201csi Dios quiere vamos a ver de qu\u00e9 manera podemos ayudar a los comerciantes de la Galer\u00eda Central para que tambi\u00e9n puedan estar participando de este evento\u201d, y puntualiz\u00f3 para concluir que \u201cla inscripci\u00f3n ya est\u00e1 abierta y lo pueden hacer en las redes sociales de Producci\u00f3n Necochea, tanto en Intasgram o Facebook, ah\u00ed encontrar\u00e1n un formulario donde poder inscribirse, recordando que tienen que ser emprendimientos productivos y no de compra venta\u201d.<\/p>\n","protected":false},"excerpt":{"rendered":"<p>A medida que mejora el clima, la oferta de actividades comienza a incrementarse en la ciudad y en tal sentido, el secretario de Turismo y Desarrollo Productivo, Mat\u00edas Sierra, inform\u00f3 sobre distintas acciones que se vienen en el corto plazo para el disfrute de toda la comunidad. Mediante una comunicaci\u00f3n telef\u00f3nica con el periodista Jorge [&hellip;]<\/p>\n","protected":false},"author":3,"featured_media":103364,"comment_status":"open","ping_status":"open","sticky":false,"template":"","format":"standard","meta":{"footnotes":""},"categories":[3],"tags":[],"class_list":["post-103585","post","type-post","status-publish","format-standard","has-post-thumbnail","category-masnoticias"],"_links":{"self":[{"href":"https:\/\/primicias2262.com\/noticias\/wp-json\/wp\/v2\/posts\/103585","targetHints":{"allow":["GET"]}}],"collection":[{"href":"https:\/\/primicias2262.com\/noticias\/wp-json\/wp\/v2\/posts"}],"about":[{"href":"https:\/\/primicias2262.com\/noticias\/wp-json\/wp\/v2\/types\/post"}],"author":[{"embeddable":true,"href":"https:\/\/primicias2262.com\/noticias\/wp-json\/wp\/v2\/users\/3"}],"replies":[{"embeddable":true,"href":"https:\/\/primicias2262.com\/noticias\/wp-json\/wp\/v2\/comments?post=103585"}],"version-history":[{"count":2,"href":"https:\/\/primicias2262.com\/noticias\/wp-json\/wp\/v2\/posts\/103585\/revisions"}],"predecessor-version":[{"id":103621,"href":"https:\/\/primicias2262.com\/noticias\/wp-json\/wp\/v2\/posts\/103585\/revisions\/103621"}],"wp:featuredmedia":[{"embeddable":true,"href":"https:\/\/primicias2262.com\/noticias\/wp-json\/wp\/v2\/media\/103364"}],"wp:attachment":[{"href":"https:\/\/primicias2262.com\/noticias\/wp-json\/wp\/v2\/media?parent=103585"}],"wp:term":[{"taxonomy":"category","embeddable":true,"href":"https:\/\/primicias2262.com\/noticias\/wp-json\/wp\/v2\/categories?post=103585"},{"taxonomy":"post_tag","embeddable":true,"href":"https:\/\/primicias2262.com\/noticias\/wp-json\/wp\/v2\/tags?post=103585"}],"curies":[{"name":"wp","href":"https:\/\/api.w.org\/{rel}","templated":true}]}}