{"id":103596,"date":"2023-09-13T14:16:32","date_gmt":"2023-09-13T14:16:32","guid":{"rendered":"https:\/\/primicias2262.com\/noticias\/?p=103596"},"modified":"2023-09-14T14:13:39","modified_gmt":"2023-09-14T14:13:39","slug":"en-quequen-ubican-nuevas-paradas-de-micros-urbanos","status":"publish","type":"post","link":"https:\/\/primicias2262.com\/noticias\/en-quequen-ubican-nuevas-paradas-de-micros-urbanos\/","title":{"rendered":"En Quequ\u00e9n ubican nuevas paradas de micros urbanos"},"content":{"rendered":"<p><strong>Por Jorge G\u00f3mez\u00a0\u00a0<\/strong><\/p>\n<p>Se construyeron con fondos provenientes del Presupuesto Participativo de la Municipalidad de Necochea. Las pertinentes ubicaciones de tales paradas ya est\u00e1n realizadas y se encuentran habilitadas desde el pasado fin de semana para los usuarios del transporte urbano de pasajeros.<\/p>\n<p>Son un total de cuatro. Una de ellas se la observa en inmediaciones al cruce de la calle 521 y 544 y las restantes tres sobre la calle 554, en su intersecci\u00f3n con las calles 525, 513 y 529.<\/p>\n<p>Las fotos y apuntes por aqu\u00ed adjuntados corresponden al titular de la Direcci\u00f3n de H\u00e1bitat, Viviendas, Tierras y Presupuesto Participativo de la comuna de Necochea, Ger\u00f3nimo Gallegos.<\/p>\n<div id='gallery-1' class='gallery galleryid-103596 gallery-columns-2 gallery-size-medium'><figure class='gallery-item'>\n\t\t\t<div class='gallery-icon landscape'>\n\t\t\t\t<a href='https:\/\/primicias2262.com\/noticias\/en-quequen-ubican-nuevas-paradas-de-micros-urbanos\/whatsapp-image-2023-09-12-at-7-11-16-pm1\/'><img loading=\"lazy\" decoding=\"async\" width=\"300\" height=\"169\" src=\"https:\/\/primicias2262.com\/noticias\/wp-content\/uploads\/2023\/09\/WhatsApp-Image-2023-09-12-at-7.11.16-PM1-300x169.jpeg\" class=\"attachment-medium size-medium\" alt=\"\" srcset=\"https:\/\/primicias2262.com\/noticias\/wp-content\/uploads\/2023\/09\/WhatsApp-Image-2023-09-12-at-7.11.16-PM1-300x169.jpeg 300w, https:\/\/primicias2262.com\/noticias\/wp-content\/uploads\/2023\/09\/WhatsApp-Image-2023-09-12-at-7.11.16-PM1-1024x577.jpeg 1024w, https:\/\/primicias2262.com\/noticias\/wp-content\/uploads\/2023\/09\/WhatsApp-Image-2023-09-12-at-7.11.16-PM1-768x432.jpeg 768w, https:\/\/primicias2262.com\/noticias\/wp-content\/uploads\/2023\/09\/WhatsApp-Image-2023-09-12-at-7.11.16-PM1-1536x865.jpeg 1536w, https:\/\/primicias2262.com\/noticias\/wp-content\/uploads\/2023\/09\/WhatsApp-Image-2023-09-12-at-7.11.16-PM1-150x84.jpeg 150w, https:\/\/primicias2262.com\/noticias\/wp-content\/uploads\/2023\/09\/WhatsApp-Image-2023-09-12-at-7.11.16-PM1-696x392.jpeg 696w, https:\/\/primicias2262.com\/noticias\/wp-content\/uploads\/2023\/09\/WhatsApp-Image-2023-09-12-at-7.11.16-PM1-1068x601.jpeg 1068w, https:\/\/primicias2262.com\/noticias\/wp-content\/uploads\/2023\/09\/WhatsApp-Image-2023-09-12-at-7.11.16-PM1.jpeg 1600w\" sizes=\"auto, (max-width: 300px) 100vw, 300px\" \/><\/a>\n\t\t\t<\/div><\/figure><figure class='gallery-item'>\n\t\t\t<div class='gallery-icon landscape'>\n\t\t\t\t<a href='https:\/\/primicias2262.com\/noticias\/en-quequen-ubican-nuevas-paradas-de-micros-urbanos\/whatsapp-image-2023-09-12-at-7-11-16-pm\/'><img loading=\"lazy\" decoding=\"async\" width=\"300\" height=\"169\" src=\"https:\/\/primicias2262.com\/noticias\/wp-content\/uploads\/2023\/09\/WhatsApp-Image-2023-09-12-at-7.11.16-PM-300x169.jpeg\" class=\"attachment-medium size-medium\" alt=\"\" srcset=\"https:\/\/primicias2262.com\/noticias\/wp-content\/uploads\/2023\/09\/WhatsApp-Image-2023-09-12-at-7.11.16-PM-300x169.jpeg 300w, https:\/\/primicias2262.com\/noticias\/wp-content\/uploads\/2023\/09\/WhatsApp-Image-2023-09-12-at-7.11.16-PM-1024x577.jpeg 1024w, https:\/\/primicias2262.com\/noticias\/wp-content\/uploads\/2023\/09\/WhatsApp-Image-2023-09-12-at-7.11.16-PM-768x432.jpeg 768w, https:\/\/primicias2262.com\/noticias\/wp-content\/uploads\/2023\/09\/WhatsApp-Image-2023-09-12-at-7.11.16-PM-1536x865.jpeg 1536w, https:\/\/primicias2262.com\/noticias\/wp-content\/uploads\/2023\/09\/WhatsApp-Image-2023-09-12-at-7.11.16-PM-150x84.jpeg 150w, https:\/\/primicias2262.com\/noticias\/wp-content\/uploads\/2023\/09\/WhatsApp-Image-2023-09-12-at-7.11.16-PM-696x392.jpeg 696w, https:\/\/primicias2262.com\/noticias\/wp-content\/uploads\/2023\/09\/WhatsApp-Image-2023-09-12-at-7.11.16-PM-1068x601.jpeg 1068w, https:\/\/primicias2262.com\/noticias\/wp-content\/uploads\/2023\/09\/WhatsApp-Image-2023-09-12-at-7.11.16-PM.jpeg 1600w\" sizes=\"auto, (max-width: 300px) 100vw, 300px\" \/><\/a>\n\t\t\t<\/div><\/figure>\n\t\t<\/div>\n\n","protected":false},"excerpt":{"rendered":"<p>Por Jorge G\u00f3mez\u00a0\u00a0 Se construyeron con fondos provenientes del Presupuesto Participativo de la Municipalidad de Necochea. Las pertinentes ubicaciones de tales paradas ya est\u00e1n realizadas y se encuentran habilitadas desde el pasado fin de semana para los usuarios del transporte urbano de pasajeros. Son un total de cuatro. Una de ellas se la observa en [&hellip;]<\/p>\n","protected":false},"author":3,"featured_media":103597,"comment_status":"open","ping_status":"open","sticky":false,"template":"","format":"standard","meta":{"footnotes":""},"categories":[3],"tags":[],"class_list":["post-103596","post","type-post","status-publish","format-standard","has-post-thumbnail","category-masnoticias"],"_links":{"self":[{"href":"https:\/\/primicias2262.com\/noticias\/wp-json\/wp\/v2\/posts\/103596","targetHints":{"allow":["GET"]}}],"collection":[{"href":"https:\/\/primicias2262.com\/noticias\/wp-json\/wp\/v2\/posts"}],"about":[{"href":"https:\/\/primicias2262.com\/noticias\/wp-json\/wp\/v2\/types\/post"}],"author":[{"embeddable":true,"href":"https:\/\/primicias2262.com\/noticias\/wp-json\/wp\/v2\/users\/3"}],"replies":[{"embeddable":true,"href":"https:\/\/primicias2262.com\/noticias\/wp-json\/wp\/v2\/comments?post=103596"}],"version-history":[{"count":2,"href":"https:\/\/primicias2262.com\/noticias\/wp-json\/wp\/v2\/posts\/103596\/revisions"}],"predecessor-version":[{"id":103629,"href":"https:\/\/primicias2262.com\/noticias\/wp-json\/wp\/v2\/posts\/103596\/revisions\/103629"}],"wp:featuredmedia":[{"embeddable":true,"href":"https:\/\/primicias2262.com\/noticias\/wp-json\/wp\/v2\/media\/103597"}],"wp:attachment":[{"href":"https:\/\/primicias2262.com\/noticias\/wp-json\/wp\/v2\/media?parent=103596"}],"wp:term":[{"taxonomy":"category","embeddable":true,"href":"https:\/\/primicias2262.com\/noticias\/wp-json\/wp\/v2\/categories?post=103596"},{"taxonomy":"post_tag","embeddable":true,"href":"https:\/\/primicias2262.com\/noticias\/wp-json\/wp\/v2\/tags?post=103596"}],"curies":[{"name":"wp","href":"https:\/\/api.w.org\/{rel}","templated":true}]}}