{"id":103606,"date":"2023-09-13T14:23:12","date_gmt":"2023-09-13T14:23:12","guid":{"rendered":"https:\/\/primicias2262.com\/noticias\/?p=103606"},"modified":"2023-09-14T17:01:47","modified_gmt":"2023-09-14T17:01:47","slug":"el-plan-de-la-mariposa-martin-bossi-y-el-polaco-seran-los-espectaculos-centrales-del-142o-aniversario-de-necochea","status":"publish","type":"post","link":"https:\/\/primicias2262.com\/noticias\/el-plan-de-la-mariposa-martin-bossi-y-el-polaco-seran-los-espectaculos-centrales-del-142o-aniversario-de-necochea\/","title":{"rendered":"El Plan de la Mariposa, Mart\u00edn Bossi y El Polaco ser\u00e1n los espect\u00e1culos centrales del 142\u00ba Aniversario de Necochea"},"content":{"rendered":"<p><strong>Entre los venideros viernes 13 y domingo 16 de octubre, Necochea estar\u00e1 festejando el 142\u00ba Aniversario desde su fundaci\u00f3n con un evento que se estima ser\u00e1 multitudinario, estar\u00e1 centrado en las cuatro manzanas de la hist\u00f3rica Plaza Dardo Rocha y tendr\u00e1 espect\u00e1culos de calibre nacional.<\/strong><\/p>\n<p>Como se acostumbra desde la gesti\u00f3n del intendente Arturo Rojas al frente de los destinos de la comuna, la celebraci\u00f3n tendr\u00e1 lugar en el c\u00e9ntrico espacio para que se puedan acercar a disfrutar la mayor cantidad de vecinos y vecinas de los m\u00e1s diversos barrios.<\/p>\n<p><a href=\"https:\/\/primicias2262.com\/noticias\/wp-content\/uploads\/2023\/09\/PLACA-Desfile-142-Aniversario.jpeg\"><img loading=\"lazy\" decoding=\"async\" class=\"alignleft size-medium wp-image-103579\" src=\"https:\/\/primicias2262.com\/noticias\/wp-content\/uploads\/2023\/09\/PLACA-Desfile-142-Aniversario-240x300.jpeg\" alt=\"\" width=\"240\" height=\"300\" srcset=\"https:\/\/primicias2262.com\/noticias\/wp-content\/uploads\/2023\/09\/PLACA-Desfile-142-Aniversario-240x300.jpeg 240w, https:\/\/primicias2262.com\/noticias\/wp-content\/uploads\/2023\/09\/PLACA-Desfile-142-Aniversario-819x1024.jpeg 819w, https:\/\/primicias2262.com\/noticias\/wp-content\/uploads\/2023\/09\/PLACA-Desfile-142-Aniversario-768x960.jpeg 768w, https:\/\/primicias2262.com\/noticias\/wp-content\/uploads\/2023\/09\/PLACA-Desfile-142-Aniversario-1229x1536.jpeg 1229w, https:\/\/primicias2262.com\/noticias\/wp-content\/uploads\/2023\/09\/PLACA-Desfile-142-Aniversario-150x188.jpeg 150w, https:\/\/primicias2262.com\/noticias\/wp-content\/uploads\/2023\/09\/PLACA-Desfile-142-Aniversario-300x375.jpeg 300w, https:\/\/primicias2262.com\/noticias\/wp-content\/uploads\/2023\/09\/PLACA-Desfile-142-Aniversario-696x870.jpeg 696w, https:\/\/primicias2262.com\/noticias\/wp-content\/uploads\/2023\/09\/PLACA-Desfile-142-Aniversario-1068x1335.jpeg 1068w, https:\/\/primicias2262.com\/noticias\/wp-content\/uploads\/2023\/09\/PLACA-Desfile-142-Aniversario.jpeg 1280w\" sizes=\"auto, (max-width: 240px) 100vw, 240px\" \/><\/a>Los actos conmemorativos comenzar\u00e1n el propio jueves 12 de octubre, fecha del cumplea\u00f1os de la ciudad, con el cl\u00e1sico Tedeum en la Parroquia Santa Mar\u00eda del Carmen y la entrega de ofrendas florales en el Monumento al General Mariano Necochea.<\/p>\n<p>En cuanto a la celebraci\u00f3n propiamente dicha, cada uno de los cierres de jornada contar\u00e1 con un show de primer nivel para disfrutar en familia. El viernes 13 ser\u00e1 la banda predilecta del distrito la que est\u00e9 animando el festejo. El Plan de la Mariposa regresa a su casa con un show muy especial, en medio de una gira internacional que los llevar\u00e1 hasta Europa, y antes y despu\u00e9s de sus primeras presentaciones en el m\u00edtico Luna Park.<\/p>\n<p>En la tarde noche del s\u00e1bado 14 aparecer\u00e1 sobre las tablas el talentoso Mart\u00edn Bossi para brindar su m\u00e1s que elogiado show al p\u00fablico local y a los visitantes de la zona que se acerquen hasta la plaza para festejar el cumplea\u00f1os de Necochea. El reconocido actor, humorista e imitador viene presentando su \u201cBossi Live Comedy\u201d a sala llena y ya tiene planificada su exportaci\u00f3n con un tour que lo llevar\u00e1 por Espa\u00f1a y el Reino Unido.<\/p>\n<p>En \u00faltimo lugar, el domingo 13, de la mano de El Polaco, volver\u00e1 la m\u00fasica para clausurar el escenario principal. Ezequiel Iv\u00e1n Cwirkaluk desembarcar\u00e1 en la ciudad a menos de dos meses de su pr\u00f3ximo Gran Rex para regalar todos los \u00e9xitos de su carrera que lo convirtieron en un referente de la m\u00fasica tropical en la Argentina y gran parte de Sudam\u00e9rica.<\/p>\n<div id='gallery-1' class='gallery galleryid-103606 gallery-columns-2 gallery-size-medium'><figure class='gallery-item'>\n\t\t\t<div class='gallery-icon landscape'>\n\t\t\t\t<a href='https:\/\/primicias2262.com\/noticias\/el-plan-de-la-mariposa-martin-bossi-y-el-polaco-seran-los-espectaculos-centrales-del-142o-aniversario-de-necochea\/martin-bossi\/'><img loading=\"lazy\" decoding=\"async\" width=\"300\" height=\"200\" src=\"https:\/\/primicias2262.com\/noticias\/wp-content\/uploads\/2023\/09\/Martin-Bossi-300x200.jpeg\" class=\"attachment-medium size-medium\" alt=\"\" srcset=\"https:\/\/primicias2262.com\/noticias\/wp-content\/uploads\/2023\/09\/Martin-Bossi-300x200.jpeg 300w, https:\/\/primicias2262.com\/noticias\/wp-content\/uploads\/2023\/09\/Martin-Bossi-150x100.jpeg 150w, https:\/\/primicias2262.com\/noticias\/wp-content\/uploads\/2023\/09\/Martin-Bossi-696x464.jpeg 696w, https:\/\/primicias2262.com\/noticias\/wp-content\/uploads\/2023\/09\/Martin-Bossi.jpeg 732w\" sizes=\"auto, (max-width: 300px) 100vw, 300px\" \/><\/a>\n\t\t\t<\/div><\/figure><figure class='gallery-item'>\n\t\t\t<div class='gallery-icon landscape'>\n\t\t\t\t<a href='https:\/\/primicias2262.com\/noticias\/el-plan-de-la-mariposa-martin-bossi-y-el-polaco-seran-los-espectaculos-centrales-del-142o-aniversario-de-necochea\/el-polaco\/'><img loading=\"lazy\" decoding=\"async\" width=\"300\" height=\"200\" src=\"https:\/\/primicias2262.com\/noticias\/wp-content\/uploads\/2023\/09\/El-Polaco-300x200.jpg\" class=\"attachment-medium size-medium\" alt=\"\" srcset=\"https:\/\/primicias2262.com\/noticias\/wp-content\/uploads\/2023\/09\/El-Polaco-300x200.jpg 300w, https:\/\/primicias2262.com\/noticias\/wp-content\/uploads\/2023\/09\/El-Polaco-150x100.jpg 150w, https:\/\/primicias2262.com\/noticias\/wp-content\/uploads\/2023\/09\/El-Polaco-696x463.jpg 696w, https:\/\/primicias2262.com\/noticias\/wp-content\/uploads\/2023\/09\/El-Polaco.jpg 727w\" sizes=\"auto, (max-width: 300px) 100vw, 300px\" \/><\/a>\n\t\t\t<\/div><\/figure>\n\t\t<\/div>\n\n<p>Adem\u00e1s de estos n\u00fameros de trascendencia nacional, en la Plaza del Centenario se instalar\u00e1 un escenario alternativo por el que pasar\u00e1n un sinn\u00famero de artistas locales y de la regi\u00f3n ofreciendo toda su alegr\u00eda y emoci\u00f3n en las tardes de los cuatro d\u00edas de festejo.<\/p>\n<p>Como tambi\u00e9n es costumbre, en los bulevares y calles del espacio p\u00fablico se montar\u00e1n los corredores de emprendedores y productores locales, as\u00ed como un paseo gastron\u00f3mico, que ser\u00e1n escoltados en cada manzana por distintas actividades preparadas para tal fin, desde talleres y actividades recreativas hasta juegos inflables y stands de asociaciones.<\/p>\n<p>El lunes 16, en el marco de la continuidad de los shows locales, por la ma\u00f1ana se realizar\u00e1 el Desfile C\u00edvico Militar por las calles adyacentes a la Plaza y, a media tarde, llegar\u00e1 el momento del corte de la torta de cumplea\u00f1os, un momento especial y que se espera llegue con alguna sorpresa.<\/p>\n","protected":false},"excerpt":{"rendered":"<p>Entre los venideros viernes 13 y domingo 16 de octubre, Necochea estar\u00e1 festejando el 142\u00ba Aniversario desde su fundaci\u00f3n con un evento que se estima ser\u00e1 multitudinario, estar\u00e1 centrado en las cuatro manzanas de la hist\u00f3rica Plaza Dardo Rocha y tendr\u00e1 espect\u00e1culos de calibre nacional. Como se acostumbra desde la gesti\u00f3n del intendente Arturo Rojas [&hellip;]<\/p>\n","protected":false},"author":3,"featured_media":103607,"comment_status":"open","ping_status":"open","sticky":false,"template":"","format":"standard","meta":{"footnotes":""},"categories":[3],"tags":[],"class_list":["post-103606","post","type-post","status-publish","format-standard","has-post-thumbnail","category-masnoticias"],"_links":{"self":[{"href":"https:\/\/primicias2262.com\/noticias\/wp-json\/wp\/v2\/posts\/103606","targetHints":{"allow":["GET"]}}],"collection":[{"href":"https:\/\/primicias2262.com\/noticias\/wp-json\/wp\/v2\/posts"}],"about":[{"href":"https:\/\/primicias2262.com\/noticias\/wp-json\/wp\/v2\/types\/post"}],"author":[{"embeddable":true,"href":"https:\/\/primicias2262.com\/noticias\/wp-json\/wp\/v2\/users\/3"}],"replies":[{"embeddable":true,"href":"https:\/\/primicias2262.com\/noticias\/wp-json\/wp\/v2\/comments?post=103606"}],"version-history":[{"count":2,"href":"https:\/\/primicias2262.com\/noticias\/wp-json\/wp\/v2\/posts\/103606\/revisions"}],"predecessor-version":[{"id":103642,"href":"https:\/\/primicias2262.com\/noticias\/wp-json\/wp\/v2\/posts\/103606\/revisions\/103642"}],"wp:featuredmedia":[{"embeddable":true,"href":"https:\/\/primicias2262.com\/noticias\/wp-json\/wp\/v2\/media\/103607"}],"wp:attachment":[{"href":"https:\/\/primicias2262.com\/noticias\/wp-json\/wp\/v2\/media?parent=103606"}],"wp:term":[{"taxonomy":"category","embeddable":true,"href":"https:\/\/primicias2262.com\/noticias\/wp-json\/wp\/v2\/categories?post=103606"},{"taxonomy":"post_tag","embeddable":true,"href":"https:\/\/primicias2262.com\/noticias\/wp-json\/wp\/v2\/tags?post=103606"}],"curies":[{"name":"wp","href":"https:\/\/api.w.org\/{rel}","templated":true}]}}