{"id":103611,"date":"2023-09-14T12:48:52","date_gmt":"2023-09-14T12:48:52","guid":{"rendered":"https:\/\/primicias2262.com\/noticias\/?p=103611"},"modified":"2023-09-15T11:09:45","modified_gmt":"2023-09-15T11:09:45","slug":"se-reparo-una-vieja-deuda-del-deporte-local-con-la-inauguracion-de-la-pista-de-atletismo","status":"publish","type":"post","link":"https:\/\/primicias2262.com\/noticias\/se-reparo-una-vieja-deuda-del-deporte-local-con-la-inauguracion-de-la-pista-de-atletismo\/","title":{"rendered":"Se repar\u00f3 una vieja deuda del deporte local con la inauguraci\u00f3n de la pista de atletismo"},"content":{"rendered":"<p>El deporte de Necochea vivi\u00f3 una jornada hist\u00f3rica y de profunda emoci\u00f3n est\u00e9 mi\u00e9rcoles 13 de septiembre, que quedar\u00e1 en el recuerdo como la fecha en que se inaugur\u00f3 la ansiada pista de atletismo, lo que era una deuda pendiente de la ciudad con el paso de las d\u00e9cadas. El multitudinario acto en el predio del Polideportivo Municipal fue encabezado por el intendente Arturo Rojas, acompa\u00f1ado por su equipo del Ejecutivo, concejales, personalidades hist\u00f3ricas del deporte madre, la Escuela Municipal de Atletismo y el apoyo de la Federaci\u00f3n Atl\u00e9tica de la Provincia de Buenos Aires, con la presencia de su titular, Juli\u00e1n Peralta.<\/p>\n<p><a href=\"https:\/\/primicias2262.com\/noticias\/wp-content\/uploads\/2023\/09\/13-09-FOTO-pista-atletismo10.jpeg\"><img loading=\"lazy\" decoding=\"async\" class=\"aligncenter size-full wp-image-103614\" src=\"https:\/\/primicias2262.com\/noticias\/wp-content\/uploads\/2023\/09\/13-09-FOTO-pista-atletismo10.jpeg\" alt=\"\" width=\"1600\" height=\"1066\" srcset=\"https:\/\/primicias2262.com\/noticias\/wp-content\/uploads\/2023\/09\/13-09-FOTO-pista-atletismo10.jpeg 1600w, https:\/\/primicias2262.com\/noticias\/wp-content\/uploads\/2023\/09\/13-09-FOTO-pista-atletismo10-300x200.jpeg 300w, https:\/\/primicias2262.com\/noticias\/wp-content\/uploads\/2023\/09\/13-09-FOTO-pista-atletismo10-1024x682.jpeg 1024w, https:\/\/primicias2262.com\/noticias\/wp-content\/uploads\/2023\/09\/13-09-FOTO-pista-atletismo10-768x512.jpeg 768w, https:\/\/primicias2262.com\/noticias\/wp-content\/uploads\/2023\/09\/13-09-FOTO-pista-atletismo10-1536x1023.jpeg 1536w, https:\/\/primicias2262.com\/noticias\/wp-content\/uploads\/2023\/09\/13-09-FOTO-pista-atletismo10-150x100.jpeg 150w, https:\/\/primicias2262.com\/noticias\/wp-content\/uploads\/2023\/09\/13-09-FOTO-pista-atletismo10-696x464.jpeg 696w, https:\/\/primicias2262.com\/noticias\/wp-content\/uploads\/2023\/09\/13-09-FOTO-pista-atletismo10-1068x712.jpeg 1068w\" sizes=\"auto, (max-width: 1600px) 100vw, 1600px\" \/><\/a>Enmarcado por las banderas de ceremonia de distintos establecimientos educativos, la presencia de todas las escuelas deportivas municipales, atletas especiales y exatletas; el Himno Nacional Argentino y la bendici\u00f3n por parte del cura Mario Fern\u00e1ndez, la ceremonia inaugural tuvo antes del corte de cintas las palabras alusivas, momento en que el intendente de Necochea reconoci\u00f3 que \u201ces un d\u00eda muy especial que se hac\u00eda esperar y al final lleg\u00f3, es un d\u00eda hist\u00f3rico y absolutamente relevante para nuestro deporte y cada uno de los deportistas de todas las edades\u2026 este ser\u00e1 un lugar que podremos disfrutar entre todos\u201d.<\/p>\n<p>Rojas resalt\u00f3 el trabajo incansable de su equipo en pos de concretar la pista, al subrayar que \u201caqu\u00ed hubo planificaci\u00f3n, trabajo, armado de proyecto y gesti\u00f3n\u201d, se\u00f1alando que se trat\u00f3 de un proyecto en conjunto con fondos nacionales del Programa \u201cArgentina Hace\u201d y recursos de la propia comuna gracias al aporte de los vecinos.<\/p>\n<p><a href=\"https:\/\/primicias2262.com\/noticias\/wp-content\/uploads\/2023\/09\/13-09-FOTO-pista-atletismo5.jpeg\"><img loading=\"lazy\" decoding=\"async\" class=\"aligncenter size-full wp-image-103612\" src=\"https:\/\/primicias2262.com\/noticias\/wp-content\/uploads\/2023\/09\/13-09-FOTO-pista-atletismo5.jpeg\" alt=\"\" width=\"1600\" height=\"1066\" srcset=\"https:\/\/primicias2262.com\/noticias\/wp-content\/uploads\/2023\/09\/13-09-FOTO-pista-atletismo5.jpeg 1600w, https:\/\/primicias2262.com\/noticias\/wp-content\/uploads\/2023\/09\/13-09-FOTO-pista-atletismo5-300x200.jpeg 300w, https:\/\/primicias2262.com\/noticias\/wp-content\/uploads\/2023\/09\/13-09-FOTO-pista-atletismo5-1024x682.jpeg 1024w, https:\/\/primicias2262.com\/noticias\/wp-content\/uploads\/2023\/09\/13-09-FOTO-pista-atletismo5-768x512.jpeg 768w, https:\/\/primicias2262.com\/noticias\/wp-content\/uploads\/2023\/09\/13-09-FOTO-pista-atletismo5-1536x1023.jpeg 1536w, https:\/\/primicias2262.com\/noticias\/wp-content\/uploads\/2023\/09\/13-09-FOTO-pista-atletismo5-150x100.jpeg 150w, https:\/\/primicias2262.com\/noticias\/wp-content\/uploads\/2023\/09\/13-09-FOTO-pista-atletismo5-696x464.jpeg 696w, https:\/\/primicias2262.com\/noticias\/wp-content\/uploads\/2023\/09\/13-09-FOTO-pista-atletismo5-1068x712.jpeg 1068w\" sizes=\"auto, (max-width: 1600px) 100vw, 1600px\" \/><\/a>Seguidamente el m\u00e1ximo mandatario del distrito recalc\u00f3 que \u201cel deporte es una filosof\u00eda de vida y nos inculca los valores del compa\u00f1erismo, la amistad y el respeto, y en ese sentido es muy importante lo que hacen las familias, padres y madres, acompa\u00f1ando a sus hijos, como as\u00ed los profesores, a quienes quiero felicitar, \u00a0ya que no solo transmiten conocimiento sino tambi\u00e9n valores y principios para el presente y el futuro de los chicos\u201d.<\/p>\n<p>Para culminar su mensaje, Rojas afirm\u00f3 que \u201cla pista es un gran logro de esta gesti\u00f3n, era un objetivo que nos propusimos desde el inicio, y el deporte tiene que ser una pol\u00edtica de Estado, es decir, tiene que trascender a los gobiernos\u201d, por ello \u201ces un d\u00eda en el que nos invaden las emociones y el orgullo de poder ser parte de esto, y de trabajar para cada uno de los vecinos con obras como la de esta pista para que puedan disfrutar\u201d, concluy\u00f3.<\/p>\n<figure class=\"wp-block-image size-full\"><img loading=\"lazy\" decoding=\"async\" class=\"wp-image-81057\" src=\"https:\/\/necochea.gov.ar\/wp-content\/uploads\/2023\/09\/13-09-FOTO-pista-atletismo9.jpeg\" alt=\"\" width=\"1600\" height=\"1200\" \/><\/figure>\n<p>Unos instantes previos a Rojas, la directora de Deportes, Guadalupe Hern\u00e1ndez, manifest\u00f3 visiblemente movilizada que \u201cesta es una obra que todos hemos esperado much\u00edsimo tiempo, y que hoy se pueda concretar y la estemos inaugurando nos llena de emoci\u00f3n\u201d, para asegurar que \u201cla idea es que la pista sea para todos y la puedan utilizar las escuelas, los institutos y los grupos de corredores, todos debemos saber convivir en esta pista, ya que el deporte es la herramienta que utilizamos para formar a nuestros ni\u00f1os y j\u00f3venes\u201d.<\/p>\n<p>Adem\u00e1s, Guadalupe dedic\u00f3 un p\u00e1rrafo especial para quienes no pudieron estar presentes: \u201cHubo muchos entrenadores y deportistas de hace muchos a\u00f1os que llamaban y mandaban mensajes llorando por la emoci\u00f3n que les causaba esta inauguraci\u00f3n de la pista\u201d, revel\u00f3 la funcionaria.<\/p>\n<p>El ejemplo por excelencia de lo que marcaba Hern\u00e1ndez fue la m\u00e1xima referente que tuvo el atletismo de la ciudad en la d\u00e9cada del \u201990, Ana Mar\u00eda Comaschi, quien reside actualmente en Mar del Plata y no pudo asistir a la ceremonia por cuestiones laborales, pero su mensaje estuvo presente y expres\u00f3: \u201cQuiero felicitar a la Municipalidad de Necochea por la inauguraci\u00f3n de esta pista de atletismo tan esperada. Les mando un saludo muy especial a todos los chicos y atletas que la vayan a usar: les pido la cuiden como si fuera propia. Que sea para Necochea, la ciudad que me vio crecer en este hermoso deporte. Los abrazo muy fuerte y estar\u00e9 en cada andarivel junto a ustedes\u201d.<\/p>\n<p><a href=\"https:\/\/primicias2262.com\/noticias\/wp-content\/uploads\/2023\/09\/13-09-FOTO-pista-atletismo13.jpeg\"><img loading=\"lazy\" decoding=\"async\" class=\"aligncenter size-full wp-image-103615\" src=\"https:\/\/primicias2262.com\/noticias\/wp-content\/uploads\/2023\/09\/13-09-FOTO-pista-atletismo13.jpeg\" alt=\"\" width=\"1600\" height=\"1200\" srcset=\"https:\/\/primicias2262.com\/noticias\/wp-content\/uploads\/2023\/09\/13-09-FOTO-pista-atletismo13.jpeg 1600w, https:\/\/primicias2262.com\/noticias\/wp-content\/uploads\/2023\/09\/13-09-FOTO-pista-atletismo13-300x225.jpeg 300w, https:\/\/primicias2262.com\/noticias\/wp-content\/uploads\/2023\/09\/13-09-FOTO-pista-atletismo13-1024x768.jpeg 1024w, https:\/\/primicias2262.com\/noticias\/wp-content\/uploads\/2023\/09\/13-09-FOTO-pista-atletismo13-768x576.jpeg 768w, https:\/\/primicias2262.com\/noticias\/wp-content\/uploads\/2023\/09\/13-09-FOTO-pista-atletismo13-1536x1152.jpeg 1536w, https:\/\/primicias2262.com\/noticias\/wp-content\/uploads\/2023\/09\/13-09-FOTO-pista-atletismo13-150x113.jpeg 150w, https:\/\/primicias2262.com\/noticias\/wp-content\/uploads\/2023\/09\/13-09-FOTO-pista-atletismo13-696x522.jpeg 696w, https:\/\/primicias2262.com\/noticias\/wp-content\/uploads\/2023\/09\/13-09-FOTO-pista-atletismo13-1068x801.jpeg 1068w\" sizes=\"auto, (max-width: 1600px) 100vw, 1600px\" \/><\/a>Tras las alocuciones, el intendente Rojas encabez\u00f3 el corte de cintas que dej\u00f3 inaugurada la pista, junto a Hern\u00e1ndez; los secretarios de Obras P\u00fablicas y Turismo, Adri\u00e1n Furno y Mat\u00edas Sierra; como tambi\u00e9n con la peque\u00f1a Pilar en representaci\u00f3n de la Escuela Municipal de Atletismo que coordina el Prof. Mauro Cabrera desde 2009 y que tiene m\u00e1s de 170 alumnos.<\/p>\n<p>Como datos de color de una hist\u00f3rica jornada, la Escuela Municipal de Danzas hizo una interpretaci\u00f3n de \u201cCarros de fuego\u201d sobre la pista y tras el corte de cintas se realiz\u00f3 la vuelta inaugural de la misma, entre atletas del presente y del pasado que este mi\u00e9rcoles 13 de septiembre vieron c\u00f3mo su sue\u00f1o se hizo realidad. Finalmente, el Intendente y los presentes recorrieron las instalaciones de los vestuarios y sanitarios y el staff de profesores de la Escuela Municipal de Atletismo diagramaron competencias para que los alumnos comenzaran a usar la flamante pista.<\/p>\n","protected":false},"excerpt":{"rendered":"<p>El deporte de Necochea vivi\u00f3 una jornada hist\u00f3rica y de profunda emoci\u00f3n est\u00e9 mi\u00e9rcoles 13 de septiembre, que quedar\u00e1 en el recuerdo como la fecha en que se inaugur\u00f3 la ansiada pista de atletismo, lo que era una deuda pendiente de la ciudad con el paso de las d\u00e9cadas. El multitudinario acto en el predio [&hellip;]<\/p>\n","protected":false},"author":3,"featured_media":103613,"comment_status":"open","ping_status":"open","sticky":false,"template":"","format":"standard","meta":{"footnotes":""},"categories":[3],"tags":[],"class_list":["post-103611","post","type-post","status-publish","format-standard","has-post-thumbnail","category-masnoticias"],"_links":{"self":[{"href":"https:\/\/primicias2262.com\/noticias\/wp-json\/wp\/v2\/posts\/103611","targetHints":{"allow":["GET"]}}],"collection":[{"href":"https:\/\/primicias2262.com\/noticias\/wp-json\/wp\/v2\/posts"}],"about":[{"href":"https:\/\/primicias2262.com\/noticias\/wp-json\/wp\/v2\/types\/post"}],"author":[{"embeddable":true,"href":"https:\/\/primicias2262.com\/noticias\/wp-json\/wp\/v2\/users\/3"}],"replies":[{"embeddable":true,"href":"https:\/\/primicias2262.com\/noticias\/wp-json\/wp\/v2\/comments?post=103611"}],"version-history":[{"count":1,"href":"https:\/\/primicias2262.com\/noticias\/wp-json\/wp\/v2\/posts\/103611\/revisions"}],"predecessor-version":[{"id":103616,"href":"https:\/\/primicias2262.com\/noticias\/wp-json\/wp\/v2\/posts\/103611\/revisions\/103616"}],"wp:featuredmedia":[{"embeddable":true,"href":"https:\/\/primicias2262.com\/noticias\/wp-json\/wp\/v2\/media\/103613"}],"wp:attachment":[{"href":"https:\/\/primicias2262.com\/noticias\/wp-json\/wp\/v2\/media?parent=103611"}],"wp:term":[{"taxonomy":"category","embeddable":true,"href":"https:\/\/primicias2262.com\/noticias\/wp-json\/wp\/v2\/categories?post=103611"},{"taxonomy":"post_tag","embeddable":true,"href":"https:\/\/primicias2262.com\/noticias\/wp-json\/wp\/v2\/tags?post=103611"}],"curies":[{"name":"wp","href":"https:\/\/api.w.org\/{rel}","templated":true}]}}