{"id":103618,"date":"2023-09-14T13:33:37","date_gmt":"2023-09-14T13:33:37","guid":{"rendered":"https:\/\/primicias2262.com\/noticias\/?p=103618"},"modified":"2023-09-15T11:28:20","modified_gmt":"2023-09-15T11:28:20","slug":"vamos-a-militar-la-boleta-de-sergio-massa-axel-kicillof-y-de-arturo-rojas-en-necochea","status":"publish","type":"post","link":"https:\/\/primicias2262.com\/noticias\/vamos-a-militar-la-boleta-de-sergio-massa-axel-kicillof-y-de-arturo-rojas-en-necochea\/","title":{"rendered":"\u00a0\u201cVamos a militar la boleta de Sergio Massa, Axel Kicillof y de Arturo Rojas en Necochea\u201d"},"content":{"rendered":"<p><strong>As\u00ed lo afirm\u00f3 la secretaria del Honorable Concejo Deliberante y referente de Uni\u00f3n por la Patria, Silvia Jensen, quien con su espacio hace tres meses que se sumaron a apoyar a Nueva Necochea: \u201cEl trabajo que vienen haciendo nos convenci\u00f3 a m\u00ed y mis compa\u00f1eros de acompa\u00f1ar al intendente Arturo Rojas\u201d, asegur\u00f3 en \u201cVoces de la Ciudad\u201d.<\/strong><\/p>\n<p>Por esa decisi\u00f3n, Jensen ha sido blanco de muchas cr\u00edticas del arco pol\u00edtico local, y en di\u00e1logo con el periodista Jorge G\u00f3mez manifest\u00f3 que \u201cyo no hago las cosas por plata o por inter\u00e9s, sino por convencimiento, milito en Uni\u00f3n por la Patria pero no he sido parte de Uni\u00f3n por la Patria en lo local desde hace un mont\u00f3n de a\u00f1os, y desde hace tres meses desde mi espacio nos sumamos a acompa\u00f1ar la lista del intendente en Necochea, a militar y hacer la campa\u00f1a porque me convenci\u00f3 la gesti\u00f3n\u201d.<\/p>\n<p>Argument\u00f3 al respecto que \u201ctengo el privilegio y el honor de ser la secretaria del Concejo Deliberante y tengo acceso a otro tipo de informaci\u00f3n que antes no ten\u00eda. Uno cuando est\u00e1 fuera del Estado suele ser muy cr\u00edtico y sabe lo que hay que hacer, el tema es c\u00f3mo, y cuando est\u00e1s ah\u00ed te das cuenta, ves los n\u00fameros y ves lo que sale hacer un lomo de burro, una cloaca o comprar materiales para el hospital y los valores que hay, entend\u00e9s lo dif\u00edcil que es gobernar\u201d.<\/p>\n<p><a href=\"https:\/\/primicias2262.com\/noticias\/wp-content\/uploads\/2023\/09\/silvia-jensen.jpeg\"><img loading=\"lazy\" decoding=\"async\" class=\"aligncenter size-full wp-image-103632\" src=\"https:\/\/primicias2262.com\/noticias\/wp-content\/uploads\/2023\/09\/silvia-jensen.jpeg\" alt=\"\" width=\"1024\" height=\"768\" srcset=\"https:\/\/primicias2262.com\/noticias\/wp-content\/uploads\/2023\/09\/silvia-jensen.jpeg 1024w, https:\/\/primicias2262.com\/noticias\/wp-content\/uploads\/2023\/09\/silvia-jensen-300x225.jpeg 300w, https:\/\/primicias2262.com\/noticias\/wp-content\/uploads\/2023\/09\/silvia-jensen-768x576.jpeg 768w, https:\/\/primicias2262.com\/noticias\/wp-content\/uploads\/2023\/09\/silvia-jensen-150x113.jpeg 150w, https:\/\/primicias2262.com\/noticias\/wp-content\/uploads\/2023\/09\/silvia-jensen-696x522.jpeg 696w\" sizes=\"auto, (max-width: 1024px) 100vw, 1024px\" \/><\/a>Aport\u00f3 a ello que \u201che visto el trabajo que vienen haciendo y eso nos convenci\u00f3 a m\u00ed y mis compa\u00f1eros a sumarnos a acompa\u00f1ar en lo local al intendente Arturo Rojas para que tenga la posibilidad de tener cuatro a\u00f1os m\u00e1s y seguir sumando en la gesti\u00f3n. Los Estados provincial y nacional han estado presentes en Necochea gracias a la gesti\u00f3n del intendente Arturo Rojas\u201d.<\/p>\n<p>Incluso, sum\u00f3 una an\u00e9cdota que vivi\u00f3 en carne propia recientemente: \u201cLa primera vez que sal\u00ed a patear en esta etapa me toc\u00f3 acompa\u00f1arlo a Arturo, nos dividimos y me toc\u00f3 de casualidad acompa\u00f1arlo a \u00e9l en el Barrio 9 de Julio, \u00e9ramos un mont\u00f3n y mientras todo el resto hizo todo el barrio, Arturo y yo hicimos solo una cuadra, principalmente por el tiempo que \u00e9l se toma de escuchar a la gente y explicar lo que se hizo, lo que no se hizo y lo que no se puede hacer\u201d, entonces \u201cllegu\u00e9 a mi casa y me di cuenta de que me cerr\u00f3 todo, porque yo hago las cosas convencidas y lo vi en acci\u00f3n, vi la gesti\u00f3n cara a cara con la gente y que realmente est\u00e1 convencido, con ganas de ganar y de ser gesti\u00f3n\u201d, recalc\u00f3.<\/p>\n<p>En relaci\u00f3n a ello, Silvia revel\u00f3 que se est\u00e1 armando un espacio a nivel local al cual la convocaron compa\u00f1eros peronistas, el cual se va a llamar Agrupaci\u00f3n Vecinal Uni\u00f3n Peronista. \u201cTienen una misma postura, que es la de poder militar la boleta de Sergio Massa, Axel Kicillof y de Arturo Rojas en Necochea, el local estar\u00e1 en Quequ\u00e9n y se sumar\u00e1n un mont\u00f3n de sindicatos, militantes hist\u00f3ricos del peronismo, agrupaciones y vecinos que no militan en ning\u00fan lado actualmente pero que se sienten representados por la gesti\u00f3n municipal\u201d.<\/p>\n<p>Finalmente, analiz\u00f3 a nivel nacional que \u201cel gran ganador en las elecciones PASO fue Javier Milei con una propuesta totalmente anti Estado y anti democr\u00e1tica, y sin embargo la gente dio un mensaje a los partidos mayoritarios que claramente no han resuelto sus problemas\u201d, aunque aclar\u00f3 que \u201cla gente no es anti Estado, ya que en Necochea gan\u00f3 Rojas y en Provincia gan\u00f3 Kicillof, pero la gente est\u00e1 haciendo un an\u00e1lisis porque el problema es econ\u00f3mico y los partidos mayoritarios no se lo resolvieron, y por lo tanto quiere cambiar\u201d.<\/p>\n","protected":false},"excerpt":{"rendered":"<p>As\u00ed lo afirm\u00f3 la secretaria del Honorable Concejo Deliberante y referente de Uni\u00f3n por la Patria, Silvia Jensen, quien con su espacio hace tres meses que se sumaron a apoyar a Nueva Necochea: \u201cEl trabajo que vienen haciendo nos convenci\u00f3 a m\u00ed y mis compa\u00f1eros de acompa\u00f1ar al intendente Arturo Rojas\u201d, asegur\u00f3 en \u201cVoces de [&hellip;]<\/p>\n","protected":false},"author":3,"featured_media":103619,"comment_status":"open","ping_status":"open","sticky":false,"template":"","format":"standard","meta":{"footnotes":""},"categories":[3],"tags":[],"class_list":["post-103618","post","type-post","status-publish","format-standard","has-post-thumbnail","category-masnoticias"],"_links":{"self":[{"href":"https:\/\/primicias2262.com\/noticias\/wp-json\/wp\/v2\/posts\/103618","targetHints":{"allow":["GET"]}}],"collection":[{"href":"https:\/\/primicias2262.com\/noticias\/wp-json\/wp\/v2\/posts"}],"about":[{"href":"https:\/\/primicias2262.com\/noticias\/wp-json\/wp\/v2\/types\/post"}],"author":[{"embeddable":true,"href":"https:\/\/primicias2262.com\/noticias\/wp-json\/wp\/v2\/users\/3"}],"replies":[{"embeddable":true,"href":"https:\/\/primicias2262.com\/noticias\/wp-json\/wp\/v2\/comments?post=103618"}],"version-history":[{"count":4,"href":"https:\/\/primicias2262.com\/noticias\/wp-json\/wp\/v2\/posts\/103618\/revisions"}],"predecessor-version":[{"id":103631,"href":"https:\/\/primicias2262.com\/noticias\/wp-json\/wp\/v2\/posts\/103618\/revisions\/103631"}],"wp:featuredmedia":[{"embeddable":true,"href":"https:\/\/primicias2262.com\/noticias\/wp-json\/wp\/v2\/media\/103619"}],"wp:attachment":[{"href":"https:\/\/primicias2262.com\/noticias\/wp-json\/wp\/v2\/media?parent=103618"}],"wp:term":[{"taxonomy":"category","embeddable":true,"href":"https:\/\/primicias2262.com\/noticias\/wp-json\/wp\/v2\/categories?post=103618"},{"taxonomy":"post_tag","embeddable":true,"href":"https:\/\/primicias2262.com\/noticias\/wp-json\/wp\/v2\/tags?post=103618"}],"curies":[{"name":"wp","href":"https:\/\/api.w.org\/{rel}","templated":true}]}}