{"id":103623,"date":"2023-09-16T11:56:29","date_gmt":"2023-09-16T11:56:29","guid":{"rendered":"https:\/\/primicias2262.com\/noticias\/?p=103623"},"modified":"2023-09-18T16:31:06","modified_gmt":"2023-09-18T16:31:06","slug":"estamos-para-intercambiar-ideas-y-tratar-de-poner-en-valor-las-bondades-de-nuestra-comunidad","status":"publish","type":"post","link":"https:\/\/primicias2262.com\/noticias\/estamos-para-intercambiar-ideas-y-tratar-de-poner-en-valor-las-bondades-de-nuestra-comunidad\/","title":{"rendered":"\u201cEstamos para intercambiar ideas y tratar de poner en valor las bondades de nuestra comunidad\u201d"},"content":{"rendered":"<p><strong>As\u00ed lo sintetiz\u00f3 el presidente de la C\u00e1mara de Profesionales de Puerto Quequ\u00e9n, Hugo Obregoso, al hablar en \u201cVoces de la Ciudad\u201d acerca de la instituci\u00f3n que preside desde hace pocos meses.<\/strong><\/p>\n<p>En charla con el periodista Jorge G\u00f3mez, el titular de la firma Aloncar se\u00f1al\u00f3 primeramente que para esta etapa de la CAPROQ \u201cla idea era convocar a todas la fuerzas vivas que hacen al sector productivo, los industriales, por eso en una de las \u00faltimas reuniones se decidi\u00f3 cambiar el nombre para identificarnos m\u00e1s en ese rubro, es decir, industrial, producci\u00f3n y de servicios\u201d.<\/p>\n<p>El objetivo de la c\u00e1mara \u201ces convocar al sector privado que es el verdadero promotor de la industria y el desarrollo econ\u00f3mico de nuestra ciudad, y hoy la CAPROQ nuclea a todos los empresarios, quienes intercambiamos ideas, tratamos de poner en valor las bondades de nuestra comunidad, contar experiencias e interactuar con los estamentos p\u00fablicos a efectos de aggiornar toda la problem\u00e1tica que hay. Digamos que es el compromiso empresario que debe haber\u201d, sintetiz\u00f3.<\/p>\n<p>En su relaci\u00f3n con la pol\u00edtica, Obregoso no dud\u00f3 en afirmar que \u201cla c\u00e1mara siempre va a ser oficialista, es dif\u00edcil decir que una persona es apol\u00edtica, nosotros a quien gane la elecci\u00f3n le tenemos que desear lo mejor y ponernos al servicio, tratar de ayudar a los gobernantes de turno porque necesitamos que nos ayuden, ser\u00eda el principio de funcionamiento de una comunidad que tiene que trabajar en equipo y dejar el individualismo\u201d.<\/p>\n<p><a href=\"https:\/\/primicias2262.com\/noticias\/wp-content\/uploads\/2023\/09\/gomez-obregoso.jpeg\"><img loading=\"lazy\" decoding=\"async\" class=\"aligncenter size-full wp-image-103630\" src=\"https:\/\/primicias2262.com\/noticias\/wp-content\/uploads\/2023\/09\/gomez-obregoso.jpeg\" alt=\"\" width=\"1024\" height=\"768\" srcset=\"https:\/\/primicias2262.com\/noticias\/wp-content\/uploads\/2023\/09\/gomez-obregoso.jpeg 1024w, https:\/\/primicias2262.com\/noticias\/wp-content\/uploads\/2023\/09\/gomez-obregoso-300x225.jpeg 300w, https:\/\/primicias2262.com\/noticias\/wp-content\/uploads\/2023\/09\/gomez-obregoso-768x576.jpeg 768w, https:\/\/primicias2262.com\/noticias\/wp-content\/uploads\/2023\/09\/gomez-obregoso-150x113.jpeg 150w, https:\/\/primicias2262.com\/noticias\/wp-content\/uploads\/2023\/09\/gomez-obregoso-696x522.jpeg 696w\" sizes=\"auto, (max-width: 1024px) 100vw, 1024px\" \/><\/a>A t\u00edtulo personal, revel\u00f3 seguidamente que \u201cen la actividad privada tengo una frase cabecera: de los errores que cometo, si los capitalizo, los estudio y no los vuelvo a cometer, me hacen ser m\u00e1s fuerte y mejor empresario. Mientras que los aciertos me hacen tener el logro, pero a su vez tengo la debilidad de volverme intolerante, entonces me sirven m\u00e1s los errores que los aciertos\u201d.<\/p>\n<p>A continuaci\u00f3n, mencion\u00f3 que \u201clo que a veces hacemos en la c\u00e1mara es tirar un tema, tratarlo y analizarlo, y darle su importancia, por ejemplo la posible explotaci\u00f3n petrolera de la cuenca atl\u00e1ntico norte, hemos analizado el tema porque las comunidades tienen que generar estrategias de crecimiento, ya que no todo viene por gravedad y del cielo, entonces tenemos que estudiar y prepararnos, porque de golpe quiz\u00e1 viene y en vez de ser un beneficio termina siendo perjudicial\u201d.<\/p>\n<p>Por lo tanto, \u201ccada empresario en su rubro debe acompa\u00f1ar a los funcionarios, estar bien informados y volcar esa informaci\u00f3n en servicio de la comunidad\u201d, complet\u00f3 Obregoso.<\/p>\n","protected":false},"excerpt":{"rendered":"<p>As\u00ed lo sintetiz\u00f3 el presidente de la C\u00e1mara de Profesionales de Puerto Quequ\u00e9n, Hugo Obregoso, al hablar en \u201cVoces de la Ciudad\u201d acerca de la instituci\u00f3n que preside desde hace pocos meses. En charla con el periodista Jorge G\u00f3mez, el titular de la firma Aloncar se\u00f1al\u00f3 primeramente que para esta etapa de la CAPROQ \u201cla [&hellip;]<\/p>\n","protected":false},"author":3,"featured_media":103624,"comment_status":"open","ping_status":"open","sticky":false,"template":"","format":"standard","meta":{"footnotes":""},"categories":[3],"tags":[],"class_list":["post-103623","post","type-post","status-publish","format-standard","has-post-thumbnail","category-masnoticias"],"_links":{"self":[{"href":"https:\/\/primicias2262.com\/noticias\/wp-json\/wp\/v2\/posts\/103623","targetHints":{"allow":["GET"]}}],"collection":[{"href":"https:\/\/primicias2262.com\/noticias\/wp-json\/wp\/v2\/posts"}],"about":[{"href":"https:\/\/primicias2262.com\/noticias\/wp-json\/wp\/v2\/types\/post"}],"author":[{"embeddable":true,"href":"https:\/\/primicias2262.com\/noticias\/wp-json\/wp\/v2\/users\/3"}],"replies":[{"embeddable":true,"href":"https:\/\/primicias2262.com\/noticias\/wp-json\/wp\/v2\/comments?post=103623"}],"version-history":[{"count":2,"href":"https:\/\/primicias2262.com\/noticias\/wp-json\/wp\/v2\/posts\/103623\/revisions"}],"predecessor-version":[{"id":103635,"href":"https:\/\/primicias2262.com\/noticias\/wp-json\/wp\/v2\/posts\/103623\/revisions\/103635"}],"wp:featuredmedia":[{"embeddable":true,"href":"https:\/\/primicias2262.com\/noticias\/wp-json\/wp\/v2\/media\/103624"}],"wp:attachment":[{"href":"https:\/\/primicias2262.com\/noticias\/wp-json\/wp\/v2\/media?parent=103623"}],"wp:term":[{"taxonomy":"category","embeddable":true,"href":"https:\/\/primicias2262.com\/noticias\/wp-json\/wp\/v2\/categories?post=103623"},{"taxonomy":"post_tag","embeddable":true,"href":"https:\/\/primicias2262.com\/noticias\/wp-json\/wp\/v2\/tags?post=103623"}],"curies":[{"name":"wp","href":"https:\/\/api.w.org\/{rel}","templated":true}]}}