{"id":103626,"date":"2023-09-14T14:13:30","date_gmt":"2023-09-14T14:13:30","guid":{"rendered":"https:\/\/primicias2262.com\/noticias\/?p=103626"},"modified":"2023-09-15T11:38:06","modified_gmt":"2023-09-15T11:38:06","slug":"impuesto-a-las-ganancias-por-supuesto-vemos-con-satisfaccion-la-noticia-anunciada-por-el-ministro-de-economia","status":"publish","type":"post","link":"https:\/\/primicias2262.com\/noticias\/impuesto-a-las-ganancias-por-supuesto-vemos-con-satisfaccion-la-noticia-anunciada-por-el-ministro-de-economia\/","title":{"rendered":"Impuesto a las ganancias: \u201cPor supuesto vemos con satisfacci\u00f3n la noticia anunciada por el ministro de Econom\u00eda\u201d"},"content":{"rendered":"<p><strong>El titular del sindicato Luz y Fuerza en Necochea, Alejandro N\u00fa\u00f1ez, se expres\u00f3 satisfecho por la medida de elevar el piso m\u00ednimo del impuesto a las ganancias anunciada d\u00edas atr\u00e1s por el ministro de Econom\u00eda y candidato a presidente de la Naci\u00f3n por Uni\u00f3n por la Patria, Sergio Massa.<\/strong><\/p>\n<p>Ante la consulta period\u00edstica de Jorge G\u00f3mez en \u201cVoces de la Ciudad\u201d, N\u00fa\u00f1ez reconoci\u00f3 que \u201cla realidad es que nosotros como organizaci\u00f3n gremial y el mundo del trabajo que tribut\u00e1bamos ese impuesto injusto -porque m\u00e1s que un impuesto a las ganancias era un impuesto al trabajo-, por supuesto que vemos con satisfacci\u00f3n esta noticia anunciada por el ministro de Econom\u00eda\u201d.<\/p>\n<p>Repas\u00f3 al instante que \u201cel \u00faltimo piso andaba alrededor de los 800 mil pesos, que se torna con el promedio de un mont\u00f3n de cuestiones, y la elevaci\u00f3n de ese piso anda alrededor del mill\u00f3n de pesos, por encima de lo que estaba establecido, y nosotros como organizaci\u00f3n gremial es un reclamo que ven\u00edamos llevado adelante durante varios a\u00f1os a trav\u00e9s de distinta propuestas, como por ejemplo ir dejando de lado todo aquello que era extra, y sin embargo nunca hab\u00edamos tenido una respuesta satisfactoria\u201d.<\/p>\n<p>Incluso, \u201cno hace mucho tiempo lo hicimos ante el poder Ejecutivo actual de la Naci\u00f3n, la realidad ya estaba instalada y el reclamo de los trabajadores era genuino porque lamentablemente en muchos casos cuando uno ten\u00eda que trabajar hasta 40 horas de m\u00e1s, se terminaba cobrando la mitad de esas horas, por eso la satisfacci\u00f3n \u201c, concluy\u00f3.<\/p>\n","protected":false},"excerpt":{"rendered":"<p>El titular del sindicato Luz y Fuerza en Necochea, Alejandro N\u00fa\u00f1ez, se expres\u00f3 satisfecho por la medida de elevar el piso m\u00ednimo del impuesto a las ganancias anunciada d\u00edas atr\u00e1s por el ministro de Econom\u00eda y candidato a presidente de la Naci\u00f3n por Uni\u00f3n por la Patria, Sergio Massa. Ante la consulta period\u00edstica de Jorge [&hellip;]<\/p>\n","protected":false},"author":3,"featured_media":103627,"comment_status":"open","ping_status":"open","sticky":false,"template":"","format":"standard","meta":{"footnotes":""},"categories":[3],"tags":[],"class_list":["post-103626","post","type-post","status-publish","format-standard","has-post-thumbnail","category-masnoticias"],"_links":{"self":[{"href":"https:\/\/primicias2262.com\/noticias\/wp-json\/wp\/v2\/posts\/103626","targetHints":{"allow":["GET"]}}],"collection":[{"href":"https:\/\/primicias2262.com\/noticias\/wp-json\/wp\/v2\/posts"}],"about":[{"href":"https:\/\/primicias2262.com\/noticias\/wp-json\/wp\/v2\/types\/post"}],"author":[{"embeddable":true,"href":"https:\/\/primicias2262.com\/noticias\/wp-json\/wp\/v2\/users\/3"}],"replies":[{"embeddable":true,"href":"https:\/\/primicias2262.com\/noticias\/wp-json\/wp\/v2\/comments?post=103626"}],"version-history":[{"count":1,"href":"https:\/\/primicias2262.com\/noticias\/wp-json\/wp\/v2\/posts\/103626\/revisions"}],"predecessor-version":[{"id":103628,"href":"https:\/\/primicias2262.com\/noticias\/wp-json\/wp\/v2\/posts\/103626\/revisions\/103628"}],"wp:featuredmedia":[{"embeddable":true,"href":"https:\/\/primicias2262.com\/noticias\/wp-json\/wp\/v2\/media\/103627"}],"wp:attachment":[{"href":"https:\/\/primicias2262.com\/noticias\/wp-json\/wp\/v2\/media?parent=103626"}],"wp:term":[{"taxonomy":"category","embeddable":true,"href":"https:\/\/primicias2262.com\/noticias\/wp-json\/wp\/v2\/categories?post=103626"},{"taxonomy":"post_tag","embeddable":true,"href":"https:\/\/primicias2262.com\/noticias\/wp-json\/wp\/v2\/tags?post=103626"}],"curies":[{"name":"wp","href":"https:\/\/api.w.org\/{rel}","templated":true}]}}