{"id":103639,"date":"2023-09-15T11:28:17","date_gmt":"2023-09-15T11:28:17","guid":{"rendered":"https:\/\/primicias2262.com\/noticias\/?p=103639"},"modified":"2023-09-16T19:23:24","modified_gmt":"2023-09-16T19:23:24","slug":"la-ciudadania-dio-un-claro-mensaje-con-mas-de-20-mil-votos-pero-no-nos-alcanza-para-gobernar","status":"publish","type":"post","link":"https:\/\/primicias2262.com\/noticias\/la-ciudadania-dio-un-claro-mensaje-con-mas-de-20-mil-votos-pero-no-nos-alcanza-para-gobernar\/","title":{"rendered":"\u201cLa ciudadan\u00eda dio un claro mensaje con m\u00e1s de 20 mil votos pero no nos alcanza para gobernar\u201d"},"content":{"rendered":"<p><strong>As\u00ed lo expres\u00f3 el presidente del Honorable Concejo Deliberante y primer candidato a concejal de Nueva Necochea, Guillermo S\u00e1nchez, quien en l\u00ednea con el intendente Arturo Rojas hizo hincapi\u00e9 en que se necesitan m\u00e1s votos para poder obtener una mayor\u00eda clara en el HCD.<\/strong><\/p>\n<p>En su visita a \u201cVoces de la Ciudad\u201d, durante una nota realizada por el periodista Jorge G\u00f3mez, S\u00e1nchez manifest\u00f3 que \u201cesperamos m\u00e1s votos, la ciudadan\u00eda dio un claro mensaje con m\u00e1s de 20 mil votos en las PASO para quien creen que tiene que seguir manejando los hilos de la ciudad y gobernando, sac\u00e1ndole m\u00e1s de 14 mil votos al segundo, pero no nos alcanza para gobernar\u201d.<\/p>\n<p>Volvi\u00f3 a remarcar que \u201csomos un equipo de trabajo claro, ponemos la cara, tenemos responsabilidad y es un equipo que lo conforma el Intendente con cada uno de los concejales y funcionarios, como as\u00ed cada uno de los vecinos del distrito, ya que nosotros hacemos parte a cada uno de los vecinos del desarrollo y avance de la ciudad\u201d.<\/p>\n<p>Por lo tanto, \u201cestamos pidiendo que cada uno de esos 20 mil que nos vot\u00f3, lleve a uno m\u00e1s que no nos vot\u00f3, el compromiso de esos 20 mil tiene que ser la boleta local, y si quieren votar en otro lado, que corten la punta derecha de cualquier boleta que elijan\u2026 la \u00faltima punta de la derecha es la que ten\u00e9s que cortar, porque si pon\u00e9s doble boleta se anula el campo local\u201d, explic\u00f3.<\/p>\n<p>Acto seguido, el abogado argument\u00f3 que \u201cen estos tres a\u00f1os y medio de gesti\u00f3n qued\u00f3 demostrado que los problemas nuestros de los necochenses, los resolvemos los necochenses, y despu\u00e9s est\u00e1n las cuestiones de Provincia y Naci\u00f3n\u201d, por ende \u201cno nos pueden vender que si la alineaci\u00f3n es perfecta y hay una sinton\u00eda fina, las cosas van a andar mejor, eso es mentira y es una verg\u00fcenza que suceda\u201d.<\/p>\n<p>Reforz\u00f3 ello apuntando que \u201ccuando hemos tenido sinton\u00eda fina no nos ha ido bien, y el intendente es un gestionador, Arturo ha demostrado que es un gran gestionador, por ejemplo con la pista de atletismo, que se prometi\u00f3 hace 40 a\u00f1os y la gesti\u00f3n de Arturo Rojas la hizo realidad\u201d.<\/p>\n<p>En esa misma l\u00ednea, adelant\u00f3 que \u201cel 3 de octubre se viene otro hecho hist\u00f3rico en la ciudad con la inauguraci\u00f3n de la planta de separaci\u00f3n de residuos, pero a veces el devenir diario hace que algunas cosas pasen desapercibidas o no tengan la relevancia que deber\u00edan tener, y lo de la pista de atletismo y lo que viene en octubre con la planta de separaci\u00f3n son reclamos de toda la vida que se van a hacer realidad\u201d.<\/p>\n<p>Por consiguiente, valor\u00f3 que \u201cest\u00e1 claro que la plata de los vecinos va a obras y se ve en la calle todos los d\u00edas, y no teniendo nada que ver con Provincia y Naci\u00f3n, cuando vos gestion\u00e1s, present\u00e1s proyectos y respet\u00e1s la venida de la plata para usarla correctamente, la plata viene\u201d.<\/p>\n<p>Finalmente, S\u00e1nchez recalc\u00f3 que \u201caumentamos el nivel de cobrabilidad de tasas, habiendo aumentado las tasas, y eso es porque el vecino sabe que la plata va a la obra p\u00fablica en la calle, no a los salarios, se hicieron obras pluviales, cord\u00f3n cuneta, cloacas en el Barrio Estaci\u00f3n Quequ\u00e9n, corredores seguros, el sendero del parque\u2026 el lugar que vos elijas de la ciudad, algo se ha hecho, es verdad que falta much\u00edsimo, pero ven\u00edamos de un atraso de 40 a\u00f1os y por eso nos tienen que pedir mucho m\u00e1s\u201d.<\/p>\n","protected":false},"excerpt":{"rendered":"<p>As\u00ed lo expres\u00f3 el presidente del Honorable Concejo Deliberante y primer candidato a concejal de Nueva Necochea, Guillermo S\u00e1nchez, quien en l\u00ednea con el intendente Arturo Rojas hizo hincapi\u00e9 en que se necesitan m\u00e1s votos para poder obtener una mayor\u00eda clara en el HCD. En su visita a \u201cVoces de la Ciudad\u201d, durante una nota [&hellip;]<\/p>\n","protected":false},"author":3,"featured_media":100378,"comment_status":"open","ping_status":"open","sticky":false,"template":"","format":"standard","meta":{"footnotes":""},"categories":[3],"tags":[],"class_list":["post-103639","post","type-post","status-publish","format-standard","has-post-thumbnail","category-masnoticias"],"_links":{"self":[{"href":"https:\/\/primicias2262.com\/noticias\/wp-json\/wp\/v2\/posts\/103639","targetHints":{"allow":["GET"]}}],"collection":[{"href":"https:\/\/primicias2262.com\/noticias\/wp-json\/wp\/v2\/posts"}],"about":[{"href":"https:\/\/primicias2262.com\/noticias\/wp-json\/wp\/v2\/types\/post"}],"author":[{"embeddable":true,"href":"https:\/\/primicias2262.com\/noticias\/wp-json\/wp\/v2\/users\/3"}],"replies":[{"embeddable":true,"href":"https:\/\/primicias2262.com\/noticias\/wp-json\/wp\/v2\/comments?post=103639"}],"version-history":[{"count":2,"href":"https:\/\/primicias2262.com\/noticias\/wp-json\/wp\/v2\/posts\/103639\/revisions"}],"predecessor-version":[{"id":103649,"href":"https:\/\/primicias2262.com\/noticias\/wp-json\/wp\/v2\/posts\/103639\/revisions\/103649"}],"wp:featuredmedia":[{"embeddable":true,"href":"https:\/\/primicias2262.com\/noticias\/wp-json\/wp\/v2\/media\/100378"}],"wp:attachment":[{"href":"https:\/\/primicias2262.com\/noticias\/wp-json\/wp\/v2\/media?parent=103639"}],"wp:term":[{"taxonomy":"category","embeddable":true,"href":"https:\/\/primicias2262.com\/noticias\/wp-json\/wp\/v2\/categories?post=103639"},{"taxonomy":"post_tag","embeddable":true,"href":"https:\/\/primicias2262.com\/noticias\/wp-json\/wp\/v2\/tags?post=103639"}],"curies":[{"name":"wp","href":"https:\/\/api.w.org\/{rel}","templated":true}]}}