{"id":103643,"date":"2023-09-15T11:09:56","date_gmt":"2023-09-15T11:09:56","guid":{"rendered":"https:\/\/primicias2262.com\/noticias\/?p=103643"},"modified":"2023-09-16T19:24:44","modified_gmt":"2023-09-16T19:24:44","slug":"seguimos-pidiendo-una-reunion-con-el-gobernador-porque-esto-es-indignante","status":"publish","type":"post","link":"https:\/\/primicias2262.com\/noticias\/seguimos-pidiendo-una-reunion-con-el-gobernador-porque-esto-es-indignante\/","title":{"rendered":"\u201cSeguimos pidiendo una reuni\u00f3n con el gobernador porque esto es indignante\u201d"},"content":{"rendered":"<p><strong>As\u00ed lo expres\u00f3 David \u00c1lvarez del Sindicato \u00danico Portuarios Argentinos (SUPA), en el marco del conflicto que se desarrolla en el Puerto local tras la renovaci\u00f3n del directorio por parte de la Provincia y el gobierno de Axel Kicillof, principalmente con la designaci\u00f3n por la Uatre de Mariano Carrillo, esposo de la diputada Natalia S\u00e1nchez J\u00e1uregui.<\/strong><\/p>\n<p>Ante la consulta del periodista Jorge G\u00f3mez en \u201cVoces de la Ciudad\u201d, \u00c1lvarez declar\u00f3 que \u201cMariano Carrillo no tiene ninguna conexi\u00f3n ni experiencia en nuestra actividad, no nos ha llamado ni lo vamos a reconocer como dirigente porque no tiene ning\u00fan conocimiento dentro del puerto y va en contra de la ley\u201d.<\/p>\n<p>Por ende, \u201ceso socava la representatividad de quienes tenemos voz ah\u00ed adentro verdaderamente, pero ac\u00e1 hay socios pol\u00edticos devolvi\u00e9ndose favores entre s\u00ed, cuando la ley marca que cada sector debe elegir a su representante\u201d, aunque tambi\u00e9n reconoci\u00f3 que \u201chabr\u00e1 que hacer un mea culpa entre los gremios que no nos hemos alineado, y es imperativo que nos unamos y actuemos para rectificar esta situaci\u00f3n\u201d.<\/p>\n<p>En ese p\u00e1rrafo fue que afirm\u00f3 que \u201cestamos pidiendo una reuni\u00f3n con el gobernador (Axel Kicillof) para preguntarle cu\u00e1l fue la gesti\u00f3n de esta gente, porque esto es indignante, ya que prometieron que iba a venir el tren y el soterramiento del cableado el\u00e9ctrico, que es muy importante, el centro integral de formaci\u00f3n portuario, nada de eso existe. Por lo pronto no nos vamos a quedar quietos hasta que se hagan las cosas como se tienen que hacer y pongan el representante que corresponde, estaremos en asamblea manteniendo informados a los compa\u00f1eros\u201d.<\/p>\n<p>Por otra parte, como integrante de la FEPA (Federaci\u00f3n Estibadores Portuarios Argentinos), \u00c1lvarez mencion\u00f3 que \u201cel viernes pasado tuvimos un plenario donde definimos varias cuestiones, entre ellas que habr\u00e1 una lista \u00fanica porque nos siguen eligiendo una vez m\u00e1s y estaremos cuatro a\u00f1os m\u00e1s, aunque por supuesto el 22 de septiembre en Bah\u00eda Blanca haremos las elecciones como corresponde y en mi caso seguir\u00e9 siendo el secretario Adjunto, acompa\u00f1ando a compa\u00f1eros que en otros puertos est\u00e1n muy necesitados, inclusive con cosas como las que sucede actualmente ac\u00e1, que nos pusimos alerta porque la uni\u00f3n hace a la fuerza\u201d.<\/p>\n","protected":false},"excerpt":{"rendered":"<p>As\u00ed lo expres\u00f3 David \u00c1lvarez del Sindicato \u00danico Portuarios Argentinos (SUPA), en el marco del conflicto que se desarrolla en el Puerto local tras la renovaci\u00f3n del directorio por parte de la Provincia y el gobierno de Axel Kicillof, principalmente con la designaci\u00f3n por la Uatre de Mariano Carrillo, esposo de la diputada Natalia S\u00e1nchez [&hellip;]<\/p>\n","protected":false},"author":3,"featured_media":103431,"comment_status":"open","ping_status":"open","sticky":false,"template":"","format":"standard","meta":{"footnotes":""},"categories":[3],"tags":[],"class_list":["post-103643","post","type-post","status-publish","format-standard","has-post-thumbnail","category-masnoticias"],"_links":{"self":[{"href":"https:\/\/primicias2262.com\/noticias\/wp-json\/wp\/v2\/posts\/103643","targetHints":{"allow":["GET"]}}],"collection":[{"href":"https:\/\/primicias2262.com\/noticias\/wp-json\/wp\/v2\/posts"}],"about":[{"href":"https:\/\/primicias2262.com\/noticias\/wp-json\/wp\/v2\/types\/post"}],"author":[{"embeddable":true,"href":"https:\/\/primicias2262.com\/noticias\/wp-json\/wp\/v2\/users\/3"}],"replies":[{"embeddable":true,"href":"https:\/\/primicias2262.com\/noticias\/wp-json\/wp\/v2\/comments?post=103643"}],"version-history":[{"count":1,"href":"https:\/\/primicias2262.com\/noticias\/wp-json\/wp\/v2\/posts\/103643\/revisions"}],"predecessor-version":[{"id":103644,"href":"https:\/\/primicias2262.com\/noticias\/wp-json\/wp\/v2\/posts\/103643\/revisions\/103644"}],"wp:featuredmedia":[{"embeddable":true,"href":"https:\/\/primicias2262.com\/noticias\/wp-json\/wp\/v2\/media\/103431"}],"wp:attachment":[{"href":"https:\/\/primicias2262.com\/noticias\/wp-json\/wp\/v2\/media?parent=103643"}],"wp:term":[{"taxonomy":"category","embeddable":true,"href":"https:\/\/primicias2262.com\/noticias\/wp-json\/wp\/v2\/categories?post=103643"},{"taxonomy":"post_tag","embeddable":true,"href":"https:\/\/primicias2262.com\/noticias\/wp-json\/wp\/v2\/tags?post=103643"}],"curies":[{"name":"wp","href":"https:\/\/api.w.org\/{rel}","templated":true}]}}