{"id":103650,"date":"2023-09-15T11:37:55","date_gmt":"2023-09-15T11:37:55","guid":{"rendered":"https:\/\/primicias2262.com\/noticias\/?p=103650"},"modified":"2023-09-15T21:13:46","modified_gmt":"2023-09-15T21:13:46","slug":"variadas-actividades-se-preparan-para-el-dia-de-la-primavera-en-las-escalinatas-del-parque","status":"publish","type":"post","link":"https:\/\/primicias2262.com\/noticias\/variadas-actividades-se-preparan-para-el-dia-de-la-primavera-en-las-escalinatas-del-parque\/","title":{"rendered":"Variadas actividades se preparan para el D\u00eda de la Primavera en las escalinatas del Parque"},"content":{"rendered":"<p><strong>La 2\u00aa edici\u00f3n del Primavera Fest sigue tomando color de cara a lo que ser\u00e1 una jornada con una amplia gama de actividades interdisciplinarias, a desarrollarse el venidero jueves 21 de septiembre en las escalinatas de 10 y 91, en el marco del D\u00eda de la Primavera y del Estudiante.<\/strong><\/p>\n<p>Al frente de la organizaci\u00f3n del evento que ser\u00e1 totalmente gratuito, se encuentra la Subdirecci\u00f3n municipal de Juventud encabezada por Valeria Garrido, quien se reuni\u00f3 en las oficinas de Turismo y Desarrollo Productivo (Secretar\u00eda de la que depende) con varios de los actores que protagonizar\u00e1n el Primavera Fest desde las 14 horas del jueves de la semana siguiente.<\/p>\n<p>Al respecto inform\u00f3 Garrido que \u201cnos reunimos con varios artistas que estar\u00e1n participando de este evento, son todos artistas locales y j\u00f3venes que participar\u00e1n de distinta manera, ya sea cantando, tocando alg\u00fan instrumento o bailando\u201d, mientras que \u201cel festival contar\u00e1 tambi\u00e9n con actividades deportivas, ya que tendremos armadas canchas de f\u00fatbol-tenis y de v\u00f3ley en el lugar\u201d.<\/p>\n<p>En cuanto a la parte institucional, la funcionaria apunt\u00f3 que \u201ctendremos la participaci\u00f3n del CPA, que dar\u00e1 un taller acerca de los v\u00ednculos saludables en el noviazgo; la participaci\u00f3n de Cruz Roja que explicar\u00e1 nociones b\u00e1sicas de RCP y primeros auxilios; y vamos a contar con la Asociaci\u00f3n Civil \u201cEl Samaritano\u201d, que brindar\u00e1 informaci\u00f3n acerca del consumo problem\u00e1tico en la juventud\u201d.<\/p>\n<div id='gallery-1' class='gallery galleryid-103650 gallery-columns-2 gallery-size-medium'><figure class='gallery-item'>\n\t\t\t<div class='gallery-icon portrait'>\n\t\t\t\t<a href='https:\/\/primicias2262.com\/noticias\/variadas-actividades-se-preparan-para-el-dia-de-la-primavera-en-las-escalinatas-del-parque\/flyer-primavera-fest\/'><img loading=\"lazy\" decoding=\"async\" width=\"169\" height=\"300\" src=\"https:\/\/primicias2262.com\/noticias\/wp-content\/uploads\/2023\/09\/FLYER-Primavera-Fest-169x300.jpeg\" class=\"attachment-medium size-medium\" alt=\"\" srcset=\"https:\/\/primicias2262.com\/noticias\/wp-content\/uploads\/2023\/09\/FLYER-Primavera-Fest-169x300.jpeg 169w, https:\/\/primicias2262.com\/noticias\/wp-content\/uploads\/2023\/09\/FLYER-Primavera-Fest-576x1024.jpeg 576w, https:\/\/primicias2262.com\/noticias\/wp-content\/uploads\/2023\/09\/FLYER-Primavera-Fest-768x1365.jpeg 768w, https:\/\/primicias2262.com\/noticias\/wp-content\/uploads\/2023\/09\/FLYER-Primavera-Fest-864x1536.jpeg 864w, https:\/\/primicias2262.com\/noticias\/wp-content\/uploads\/2023\/09\/FLYER-Primavera-Fest-150x267.jpeg 150w, https:\/\/primicias2262.com\/noticias\/wp-content\/uploads\/2023\/09\/FLYER-Primavera-Fest-300x533.jpeg 300w, https:\/\/primicias2262.com\/noticias\/wp-content\/uploads\/2023\/09\/FLYER-Primavera-Fest-696x1237.jpeg 696w, https:\/\/primicias2262.com\/noticias\/wp-content\/uploads\/2023\/09\/FLYER-Primavera-Fest.jpeg 900w\" sizes=\"auto, (max-width: 169px) 100vw, 169px\" \/><\/a>\n\t\t\t<\/div><\/figure><figure class='gallery-item'>\n\t\t\t<div class='gallery-icon portrait'>\n\t\t\t\t<a href='https:\/\/primicias2262.com\/noticias\/variadas-actividades-se-preparan-para-el-dia-de-la-primavera-en-las-escalinatas-del-parque\/flyer-primavera-fest2\/'><img loading=\"lazy\" decoding=\"async\" width=\"169\" height=\"300\" src=\"https:\/\/primicias2262.com\/noticias\/wp-content\/uploads\/2023\/09\/FLYER-Primavera-Fest2-169x300.jpeg\" class=\"attachment-medium size-medium\" alt=\"\" srcset=\"https:\/\/primicias2262.com\/noticias\/wp-content\/uploads\/2023\/09\/FLYER-Primavera-Fest2-169x300.jpeg 169w, https:\/\/primicias2262.com\/noticias\/wp-content\/uploads\/2023\/09\/FLYER-Primavera-Fest2-576x1024.jpeg 576w, https:\/\/primicias2262.com\/noticias\/wp-content\/uploads\/2023\/09\/FLYER-Primavera-Fest2-768x1365.jpeg 768w, https:\/\/primicias2262.com\/noticias\/wp-content\/uploads\/2023\/09\/FLYER-Primavera-Fest2-864x1536.jpeg 864w, https:\/\/primicias2262.com\/noticias\/wp-content\/uploads\/2023\/09\/FLYER-Primavera-Fest2-150x267.jpeg 150w, https:\/\/primicias2262.com\/noticias\/wp-content\/uploads\/2023\/09\/FLYER-Primavera-Fest2-300x533.jpeg 300w, https:\/\/primicias2262.com\/noticias\/wp-content\/uploads\/2023\/09\/FLYER-Primavera-Fest2-696x1237.jpeg 696w, https:\/\/primicias2262.com\/noticias\/wp-content\/uploads\/2023\/09\/FLYER-Primavera-Fest2.jpeg 900w\" sizes=\"auto, (max-width: 169px) 100vw, 169px\" \/><\/a>\n\t\t\t<\/div><\/figure>\n\t\t<\/div>\n\n<p>En esa l\u00ednea de acciones, Valeria destac\u00f3 el trabajo articulado con la Secretar\u00eda de Salud, que tendr\u00e1 participaci\u00f3n a trav\u00e9s de Atenci\u00f3n Primaria, que realizar\u00e1 testeos gratis de VIH y S\u00edfilis, y brindar\u00e1 asesoramiento para concientizar a los j\u00f3venes sobre la importancia del cuidado, la salud sexual y reproductiva.<\/p>\n<p>En tanto, la titular de Juventud se refiri\u00f3 al protagonismo que tendr\u00e1n los estudiantes en su d\u00eda: \u201cEstamos invitando a todos aquellos alumnos de 5\u00ba A\u00f1o o de 6\u00ba A\u00f1o en el caso de las escuelas t\u00e9cnicas, que a\u00fan no tienen sus banderas de egresados y las quieran hacer, pueden contactarnos en las redes sociales en @juventudnecochea o en el correo <a href=\"mailto:juventudnecochea@gmail.com\">juventudnecochea@gmail.com<\/a> y anotarse, ya que a los que se inscriban les proveeremos de algunos materiales para poder realizar la bandera en el mismo evento\u201d.<\/p>\n<p>Asimismo, revel\u00f3 que habr\u00e1 sorteos durante el festival y anunci\u00f3 finalmente que \u201ctambi\u00e9n vamos a contar con stands para alumnos de 5\u00ba, 6\u00ba o 7\u00ba A\u00f1o que deseen juntar dinero para su viaje de egresados o su egreso, con el fin de que puedan vender alg\u00fan producto elaborado y envasado ese d\u00eda en el evento, ya que ha sido una demanda por parte de ellos y consideramos oportuno en esta ocasi\u00f3n que as\u00ed sea\u201d.<\/p>\n<p>&nbsp;<\/p>\n","protected":false},"excerpt":{"rendered":"<p>La 2\u00aa edici\u00f3n del Primavera Fest sigue tomando color de cara a lo que ser\u00e1 una jornada con una amplia gama de actividades interdisciplinarias, a desarrollarse el venidero jueves 21 de septiembre en las escalinatas de 10 y 91, en el marco del D\u00eda de la Primavera y del Estudiante. Al frente de la organizaci\u00f3n [&hellip;]<\/p>\n","protected":false},"author":3,"featured_media":103654,"comment_status":"open","ping_status":"open","sticky":false,"template":"","format":"standard","meta":{"footnotes":""},"categories":[3],"tags":[],"class_list":["post-103650","post","type-post","status-publish","format-standard","has-post-thumbnail","category-masnoticias"],"_links":{"self":[{"href":"https:\/\/primicias2262.com\/noticias\/wp-json\/wp\/v2\/posts\/103650","targetHints":{"allow":["GET"]}}],"collection":[{"href":"https:\/\/primicias2262.com\/noticias\/wp-json\/wp\/v2\/posts"}],"about":[{"href":"https:\/\/primicias2262.com\/noticias\/wp-json\/wp\/v2\/types\/post"}],"author":[{"embeddable":true,"href":"https:\/\/primicias2262.com\/noticias\/wp-json\/wp\/v2\/users\/3"}],"replies":[{"embeddable":true,"href":"https:\/\/primicias2262.com\/noticias\/wp-json\/wp\/v2\/comments?post=103650"}],"version-history":[{"count":1,"href":"https:\/\/primicias2262.com\/noticias\/wp-json\/wp\/v2\/posts\/103650\/revisions"}],"predecessor-version":[{"id":103655,"href":"https:\/\/primicias2262.com\/noticias\/wp-json\/wp\/v2\/posts\/103650\/revisions\/103655"}],"wp:featuredmedia":[{"embeddable":true,"href":"https:\/\/primicias2262.com\/noticias\/wp-json\/wp\/v2\/media\/103654"}],"wp:attachment":[{"href":"https:\/\/primicias2262.com\/noticias\/wp-json\/wp\/v2\/media?parent=103650"}],"wp:term":[{"taxonomy":"category","embeddable":true,"href":"https:\/\/primicias2262.com\/noticias\/wp-json\/wp\/v2\/categories?post=103650"},{"taxonomy":"post_tag","embeddable":true,"href":"https:\/\/primicias2262.com\/noticias\/wp-json\/wp\/v2\/tags?post=103650"}],"curies":[{"name":"wp","href":"https:\/\/api.w.org\/{rel}","templated":true}]}}