{"id":103657,"date":"2023-09-16T15:00:32","date_gmt":"2023-09-16T15:00:32","guid":{"rendered":"https:\/\/primicias2262.com\/noticias\/?p=103657"},"modified":"2023-09-19T15:58:59","modified_gmt":"2023-09-19T15:58:59","slug":"no-me-imagino-a-carrillo-traccionando-nuestros-pedidos-y-problemas-ante-el-directorio-del-puerto","status":"publish","type":"post","link":"https:\/\/primicias2262.com\/noticias\/no-me-imagino-a-carrillo-traccionando-nuestros-pedidos-y-problemas-ante-el-directorio-del-puerto\/","title":{"rendered":"\u201cNo me imagino a Carrillo traccionando nuestros pedidos y problemas ante el directorio del Puerto\u201d"},"content":{"rendered":"<p><strong>As\u00ed lo afirm\u00f3 el sindicalista de Terminal Quequ\u00e9n, Daniel Monjes, durante una nota realizada por el periodista Jorge G\u00f3mez en \u201cVoces de la Ciudad\u201d y en referencia al abogado Mariano Carrillo, quien integra el nuevo directorio del Consorcio tras la designaci\u00f3n de la Provincia, en representaci\u00f3n de la Uatre, pero con el repudio absoluto del arco sindical.<\/strong><\/p>\n<p>A todo esto, se recuerda que hace una semana Terminal Quequ\u00e9n inici\u00f3 una acci\u00f3n judicial contra el Ministerio de Producci\u00f3n, Ciencia, Innovaci\u00f3n y Tecnolog\u00eda de la Provincia de Buenos Aires, planteando una medida cautelar en la Justicia por la designaci\u00f3n de Mariano Carrillo en el directorio del Consorcio de Gesti\u00f3n de Puerto Quequ\u00e9n, caso en el que el Juzgado Contencioso Administrativo N\u00ba 1 de Necochea con el Dr. Carlos Alberto Herrera se declar\u00f3 competente en el tema y \u00a0lo toma para s\u00ed.<\/p>\n<p>Sobre ello, Monjes subray\u00f3 que \u201cno solamente las Terminales Portuarias presentamos esto, sino tambi\u00e9n SUPA y SUPARA, es decir, somos tres gremios que estamos presentando esta medida cautelar y ayer el juez Herrera comunic\u00f3 que se hizo cargo del caso, y esto es importante porque lo hizo de inmediato, pero si se declaraba incompetente el caso iba a Mar del Plata y hab\u00eda que esperar la designaci\u00f3n de un juez, pero Herrera nos comunic\u00f3 que ya pidi\u00f3 informaci\u00f3n al Ministerio de Producci\u00f3n y en el t\u00e9rmino de diez d\u00edas tiene que informar al juzgado a ver si est\u00e1 correcta la designaci\u00f3n de Carrillo, as\u00ed que esperaremos esos diez d\u00edas y veremos c\u00f3mo sigue el caso\u201d.<\/p>\n<p>No obstante, Monjes volvi\u00f3 a insistir en que \u201csi no tenemos la respuesta que nos satisfaga \u00a0tras la conciliaci\u00f3n obligatoria vamos a seguir con la medida\u201d, y ratific\u00f3 que \u201cestamos en continuas reuniones entre los gremios portuarios, si no tenemos una respuesta satisfactoria a nuestro pedido seguiremos con la medida de fuerza, no nos queda otra, porque si nosotros dejamos pasar esto dejamos sentado un precedente que tampoco les gusta a los puertos restantes, como el de Bah\u00eda Blanca, ya que es algo que les puede pasar a ellos tambi\u00e9n\u201d.<\/p>\n<p>En el cierre, Monjes record\u00f3 que a Carrillo \u201clo pusieron directamente a dedo, lo ten\u00edan designado y lo iban a poner s\u00ed o s\u00ed, pero estas cosas no las podemos permitir porque nosotros en la silla nuestra tenemos que tener a alguien representativo y que conozca del tema, no podemos tener a alguien que no conozca el tema del puerto\u201d, para rematar asegurando que \u201cyo no me imagino a este se\u00f1or traccionando nuestro pedido y nuestro problema ante el directorio\u201d.<\/p>\n","protected":false},"excerpt":{"rendered":"<p>As\u00ed lo afirm\u00f3 el sindicalista de Terminal Quequ\u00e9n, Daniel Monjes, durante una nota realizada por el periodista Jorge G\u00f3mez en \u201cVoces de la Ciudad\u201d y en referencia al abogado Mariano Carrillo, quien integra el nuevo directorio del Consorcio tras la designaci\u00f3n de la Provincia, en representaci\u00f3n de la Uatre, pero con el repudio absoluto del [&hellip;]<\/p>\n","protected":false},"author":3,"featured_media":103021,"comment_status":"open","ping_status":"open","sticky":false,"template":"","format":"standard","meta":{"footnotes":""},"categories":[3],"tags":[],"class_list":["post-103657","post","type-post","status-publish","format-standard","has-post-thumbnail","category-masnoticias"],"_links":{"self":[{"href":"https:\/\/primicias2262.com\/noticias\/wp-json\/wp\/v2\/posts\/103657","targetHints":{"allow":["GET"]}}],"collection":[{"href":"https:\/\/primicias2262.com\/noticias\/wp-json\/wp\/v2\/posts"}],"about":[{"href":"https:\/\/primicias2262.com\/noticias\/wp-json\/wp\/v2\/types\/post"}],"author":[{"embeddable":true,"href":"https:\/\/primicias2262.com\/noticias\/wp-json\/wp\/v2\/users\/3"}],"replies":[{"embeddable":true,"href":"https:\/\/primicias2262.com\/noticias\/wp-json\/wp\/v2\/comments?post=103657"}],"version-history":[{"count":2,"href":"https:\/\/primicias2262.com\/noticias\/wp-json\/wp\/v2\/posts\/103657\/revisions"}],"predecessor-version":[{"id":103679,"href":"https:\/\/primicias2262.com\/noticias\/wp-json\/wp\/v2\/posts\/103657\/revisions\/103679"}],"wp:featuredmedia":[{"embeddable":true,"href":"https:\/\/primicias2262.com\/noticias\/wp-json\/wp\/v2\/media\/103021"}],"wp:attachment":[{"href":"https:\/\/primicias2262.com\/noticias\/wp-json\/wp\/v2\/media?parent=103657"}],"wp:term":[{"taxonomy":"category","embeddable":true,"href":"https:\/\/primicias2262.com\/noticias\/wp-json\/wp\/v2\/categories?post=103657"},{"taxonomy":"post_tag","embeddable":true,"href":"https:\/\/primicias2262.com\/noticias\/wp-json\/wp\/v2\/tags?post=103657"}],"curies":[{"name":"wp","href":"https:\/\/api.w.org\/{rel}","templated":true}]}}