{"id":103659,"date":"2023-09-15T21:13:34","date_gmt":"2023-09-15T21:13:34","guid":{"rendered":"https:\/\/primicias2262.com\/noticias\/?p=103659"},"modified":"2023-09-16T19:24:09","modified_gmt":"2023-09-16T19:24:09","slug":"con-86-bailarines-y-la-familia-historica-de-la-agrupacion-el-ombu-celebra-sus-60-anos-este-sabado","status":"publish","type":"post","link":"https:\/\/primicias2262.com\/noticias\/con-86-bailarines-y-la-familia-historica-de-la-agrupacion-el-ombu-celebra-sus-60-anos-este-sabado\/","title":{"rendered":"Con 86 bailarines y la familia hist\u00f3rica de la agrupaci\u00f3n, El Omb\u00fa celebra sus 60 a\u00f1os este s\u00e1bado"},"content":{"rendered":"<p><strong>La Agrupaci\u00f3n Folcl\u00f3rica m\u00e1s antigua de la ciudad, El Omb\u00fa, tendr\u00e1 su gran fiesta anual este s\u00e1bado a partir de las 20.30 en el Centro Vasco, con servicio de cantina, m\u00e1s de 700 entradas vendidas y la presencia de cantantes en vivo.<\/strong><\/p>\n<p>Por ese motivo, el responsable actual de la agrupaci\u00f3n, Emilio Cajaravilla, fue invitado a los estudios de \u201cVoces de la Ciudad\u201d, donde en una nota realizada por el periodista Jorge G\u00f3mez dio detalles de la celebraci\u00f3n de los 60 a\u00f1os de vida de \u201cEl Omb\u00fa\u201d con una fiesta en Centro Vasco.<\/p>\n<p>\u201cA partir de las 20.30 abrimos la puerta del Vasco y presentaremos a todos los bailarines que hay, y habr\u00e1 servicio de cantina con chorip\u00e1n, hamburguesas, empanadas y pastelitos. Las entradas anticipadas salen 1700 pesos y si no en la puerta est\u00e1n a 2000 pesos\u201d, inform\u00f3.<\/p>\n<p><a href=\"https:\/\/primicias2262.com\/noticias\/wp-content\/uploads\/2023\/07\/emilio-cajaravilla.jpeg\"><img loading=\"lazy\" decoding=\"async\" class=\"aligncenter size-full wp-image-101605\" src=\"https:\/\/primicias2262.com\/noticias\/wp-content\/uploads\/2023\/07\/emilio-cajaravilla.jpeg\" alt=\"\" width=\"1024\" height=\"768\" srcset=\"https:\/\/primicias2262.com\/noticias\/wp-content\/uploads\/2023\/07\/emilio-cajaravilla.jpeg 1024w, https:\/\/primicias2262.com\/noticias\/wp-content\/uploads\/2023\/07\/emilio-cajaravilla-300x225.jpeg 300w, https:\/\/primicias2262.com\/noticias\/wp-content\/uploads\/2023\/07\/emilio-cajaravilla-768x576.jpeg 768w, https:\/\/primicias2262.com\/noticias\/wp-content\/uploads\/2023\/07\/emilio-cajaravilla-150x113.jpeg 150w, https:\/\/primicias2262.com\/noticias\/wp-content\/uploads\/2023\/07\/emilio-cajaravilla-696x522.jpeg 696w\" sizes=\"auto, (max-width: 1024px) 100vw, 1024px\" \/><\/a><\/p>\n<p>Asimismo, aclar\u00f3 que quedan muy pocas entradas disponibles. \u201cLa capacidad es de 700 entradas y quedan menos de 100\u201d, y para ello los interesados pueden comunicarse al 2262-477900 o al 2262-474531.<\/p>\n<p>Cajaravilla inform\u00f3 adem\u00e1s que \u201carrancaremos con el Himno Nacional Argentino porque es algo bien patrio y despu\u00e9s arranca la fiesta, presentaremos a todas las edades del cuerpo de baile, chiquitos, medianos, pre adolescentes, adolescentes\u2026 hay 86 bailarines de la agrupaci\u00f3n\u201d.<\/p>\n<p>En tanto, acot\u00f3 que la conducci\u00f3n estar\u00e1 a cargo de Federico Ca\u00f1adas y habr\u00e1 cantantes invitados como Mart\u00edn Barraza, Alejo \u00c1lvarez y Agust\u00edn Ortiz. \u201cEn el caso de Alejo canta cumbia, as\u00ed que para el que no baila folclore hay cumbia\u201d, resalt\u00f3.<\/p>\n<p>Finalmente, Cajaravilla confirm\u00f3 que \u201cAbundio Lezcano es el fundador de la Agrupaci\u00f3n y actualmente tiene 93 a\u00f1os, y estar\u00e1 presente en la fiesta, como as\u00ed tambi\u00e9n otro hist\u00f3rico de la pe\u00f1a como es Miguel Trobo, y por supuesto todos los que estamos actualmente\u201d.<\/p>\n<p><a href=\"https:\/\/primicias2262.com\/noticias\/wp-content\/uploads\/2023\/09\/Fiesta-60-anos-El-Ombu.jpg\"><img loading=\"lazy\" decoding=\"async\" class=\"aligncenter size-full wp-image-103660\" src=\"https:\/\/primicias2262.com\/noticias\/wp-content\/uploads\/2023\/09\/Fiesta-60-anos-El-Ombu.jpg\" alt=\"\" width=\"589\" height=\"834\" srcset=\"https:\/\/primicias2262.com\/noticias\/wp-content\/uploads\/2023\/09\/Fiesta-60-anos-El-Ombu.jpg 589w, https:\/\/primicias2262.com\/noticias\/wp-content\/uploads\/2023\/09\/Fiesta-60-anos-El-Ombu-212x300.jpg 212w, https:\/\/primicias2262.com\/noticias\/wp-content\/uploads\/2023\/09\/Fiesta-60-anos-El-Ombu-150x212.jpg 150w, https:\/\/primicias2262.com\/noticias\/wp-content\/uploads\/2023\/09\/Fiesta-60-anos-El-Ombu-300x425.jpg 300w\" sizes=\"auto, (max-width: 589px) 100vw, 589px\" \/><\/a><\/p>\n","protected":false},"excerpt":{"rendered":"<p>La Agrupaci\u00f3n Folcl\u00f3rica m\u00e1s antigua de la ciudad, El Omb\u00fa, tendr\u00e1 su gran fiesta anual este s\u00e1bado a partir de las 20.30 en el Centro Vasco, con servicio de cantina, m\u00e1s de 700 entradas vendidas y la presencia de cantantes en vivo. Por ese motivo, el responsable actual de la agrupaci\u00f3n, Emilio Cajaravilla, fue invitado [&hellip;]<\/p>\n","protected":false},"author":3,"featured_media":101604,"comment_status":"open","ping_status":"open","sticky":false,"template":"","format":"standard","meta":{"footnotes":""},"categories":[3],"tags":[],"class_list":["post-103659","post","type-post","status-publish","format-standard","has-post-thumbnail","category-masnoticias"],"_links":{"self":[{"href":"https:\/\/primicias2262.com\/noticias\/wp-json\/wp\/v2\/posts\/103659","targetHints":{"allow":["GET"]}}],"collection":[{"href":"https:\/\/primicias2262.com\/noticias\/wp-json\/wp\/v2\/posts"}],"about":[{"href":"https:\/\/primicias2262.com\/noticias\/wp-json\/wp\/v2\/types\/post"}],"author":[{"embeddable":true,"href":"https:\/\/primicias2262.com\/noticias\/wp-json\/wp\/v2\/users\/3"}],"replies":[{"embeddable":true,"href":"https:\/\/primicias2262.com\/noticias\/wp-json\/wp\/v2\/comments?post=103659"}],"version-history":[{"count":1,"href":"https:\/\/primicias2262.com\/noticias\/wp-json\/wp\/v2\/posts\/103659\/revisions"}],"predecessor-version":[{"id":103661,"href":"https:\/\/primicias2262.com\/noticias\/wp-json\/wp\/v2\/posts\/103659\/revisions\/103661"}],"wp:featuredmedia":[{"embeddable":true,"href":"https:\/\/primicias2262.com\/noticias\/wp-json\/wp\/v2\/media\/101604"}],"wp:attachment":[{"href":"https:\/\/primicias2262.com\/noticias\/wp-json\/wp\/v2\/media?parent=103659"}],"wp:term":[{"taxonomy":"category","embeddable":true,"href":"https:\/\/primicias2262.com\/noticias\/wp-json\/wp\/v2\/categories?post=103659"},{"taxonomy":"post_tag","embeddable":true,"href":"https:\/\/primicias2262.com\/noticias\/wp-json\/wp\/v2\/tags?post=103659"}],"curies":[{"name":"wp","href":"https:\/\/api.w.org\/{rel}","templated":true}]}}