{"id":103662,"date":"2023-09-16T19:22:46","date_gmt":"2023-09-16T19:22:46","guid":{"rendered":"https:\/\/primicias2262.com\/noticias\/?p=103662"},"modified":"2023-09-18T17:43:04","modified_gmt":"2023-09-18T17:43:04","slug":"este-lunes-se-inaugura-el-monumento-a-la-palabra-de-dios-en-58-y-69","status":"publish","type":"post","link":"https:\/\/primicias2262.com\/noticias\/este-lunes-se-inaugura-el-monumento-a-la-palabra-de-dios-en-58-y-69\/","title":{"rendered":"Este lunes se inaugura el Monumento a la Palabra de Dios en 58 y 69"},"content":{"rendered":"<p>El intendente municipal Arturo Rojas, invita a la comunidad de Necochea a formar parte de la inauguraci\u00f3n del Monumento a la Palabra de Dios, cuya obra est\u00e1 ubicada en Av. 58 esquina 69. La ceremonia se realizar\u00e1 el lunes 18 de septiembre a partir de las 18.30.<\/p>\n<p>Desarrollado por el municipio en reconocimiento al pueblo cristiano local, vale destacar que el monumento posee distintos significados en su composici\u00f3n y refleja a la Palabra de Dios, la Santa Biblia, abierta sobre un p\u00falpito con una cruz calada.<\/p>\n<p>&nbsp;<\/p>\n","protected":false},"excerpt":{"rendered":"<p>El intendente municipal Arturo Rojas, invita a la comunidad de Necochea a formar parte de la inauguraci\u00f3n del Monumento a la Palabra de Dios, cuya obra est\u00e1 ubicada en Av. 58 esquina 69. La ceremonia se realizar\u00e1 el lunes 18 de septiembre a partir de las 18.30. Desarrollado por el municipio en reconocimiento al pueblo [&hellip;]<\/p>\n","protected":false},"author":3,"featured_media":103663,"comment_status":"open","ping_status":"open","sticky":false,"template":"","format":"standard","meta":{"footnotes":""},"categories":[3],"tags":[],"class_list":["post-103662","post","type-post","status-publish","format-standard","has-post-thumbnail","category-masnoticias"],"_links":{"self":[{"href":"https:\/\/primicias2262.com\/noticias\/wp-json\/wp\/v2\/posts\/103662","targetHints":{"allow":["GET"]}}],"collection":[{"href":"https:\/\/primicias2262.com\/noticias\/wp-json\/wp\/v2\/posts"}],"about":[{"href":"https:\/\/primicias2262.com\/noticias\/wp-json\/wp\/v2\/types\/post"}],"author":[{"embeddable":true,"href":"https:\/\/primicias2262.com\/noticias\/wp-json\/wp\/v2\/users\/3"}],"replies":[{"embeddable":true,"href":"https:\/\/primicias2262.com\/noticias\/wp-json\/wp\/v2\/comments?post=103662"}],"version-history":[{"count":1,"href":"https:\/\/primicias2262.com\/noticias\/wp-json\/wp\/v2\/posts\/103662\/revisions"}],"predecessor-version":[{"id":103664,"href":"https:\/\/primicias2262.com\/noticias\/wp-json\/wp\/v2\/posts\/103662\/revisions\/103664"}],"wp:featuredmedia":[{"embeddable":true,"href":"https:\/\/primicias2262.com\/noticias\/wp-json\/wp\/v2\/media\/103663"}],"wp:attachment":[{"href":"https:\/\/primicias2262.com\/noticias\/wp-json\/wp\/v2\/media?parent=103662"}],"wp:term":[{"taxonomy":"category","embeddable":true,"href":"https:\/\/primicias2262.com\/noticias\/wp-json\/wp\/v2\/categories?post=103662"},{"taxonomy":"post_tag","embeddable":true,"href":"https:\/\/primicias2262.com\/noticias\/wp-json\/wp\/v2\/tags?post=103662"}],"curies":[{"name":"wp","href":"https:\/\/api.w.org\/{rel}","templated":true}]}}