{"id":103677,"date":"2023-09-18T16:30:53","date_gmt":"2023-09-18T16:30:53","guid":{"rendered":"https:\/\/primicias2262.com\/noticias\/?p=103677"},"modified":"2023-09-19T17:59:02","modified_gmt":"2023-09-19T17:59:02","slug":"lastra-acuso-persecuciones-de-las-autoridades-de-uatre-y-aseguro-que-no-nos-quedo-otro-remedio-que-ir-a-la-justicia","status":"publish","type":"post","link":"https:\/\/primicias2262.com\/noticias\/lastra-acuso-persecuciones-de-las-autoridades-de-uatre-y-aseguro-que-no-nos-quedo-otro-remedio-que-ir-a-la-justicia\/","title":{"rendered":"Lastra acus\u00f3 persecuciones de las autoridades de Uatre y asegur\u00f3 que \u201cno nos qued\u00f3 otro remedio que ir a la Justicia\u201d \u00a0"},"content":{"rendered":"<p><strong>El dirigente Mario Lastra fue entrevistado este lunes v\u00eda telef\u00f3nica por el periodista Jorge G\u00f3mez en \u201cVoces de la Ciudad\u201d y no solo se refiri\u00f3 al trasfondo que envuelve a la baja de lista de la seccional N\u00ba 10 de Necochea, sino a cuestiones personales, y apunt\u00f3 al secretario general nacional de Uatre, Jos\u00e9 Voytenco, como a la diputada Natalia S\u00e1nchez J\u00e1uregui.<\/strong><\/p>\n<p>En el marco de la elecci\u00f3n de autoridades en cada una de las seccionales donde est\u00e1n las bolsas de trabajo de la Uatre, se recuerda que el 8 de septiembre anterior la Junta Electoral Nacional de UATRE resolvi\u00f3 la intervenci\u00f3n de la seccional 10 de Necochea, argumentando irregularidades suscitadas que llevaron a dar de baja la lista hist\u00f3rica y m\u00e1s representativa que cuenta con el auspicio de Lastra.<\/p>\n<p>No obstante, el expediente suma un nuevo cap\u00edtulo, y es que Lastra y los integrantes de dicha lista han decidido recurrir a la justicia. De forma cronol\u00f3gica, relat\u00f3 que \u201cel 15 de agosto venci\u00f3 la presentaci\u00f3n de listas seccionales de cara al fin de los mandatos en octubre, y la lista la presentamos en tiempo y forma con 298 avales, suscripta por los trabajadores afiliados, encabezada por el compa\u00f1ero Eduardo Davico, a quien acompa\u00f1o yo como congresal nacional\u201d.<\/p>\n<p>A todo esto, prosigui\u00f3 Lastra que \u201cse present\u00f3 una lista avalada por la diputada Natalia S\u00e1nchez J\u00e1uregui, que no se sabe el domicilio que tiene, denominada Blanca, acompa\u00f1ada por 52 avales de Uatre y Osprera, a la cual nosotros ten\u00edamos la posibilidad de impugnarla porque no cumpl\u00eda con el cupo femenino y otros requisitos, pero no quisimos impugnarla porque somos democr\u00e1ticos y queremos participar de una elecci\u00f3n para que los trabajadores elijan libremente\u201d.<\/p>\n<p>Sin embargo, acus\u00f3 que todo tiene ue ver con puntuales persecuciones. \u201cAl igual que como me ocurri\u00f3 con el secretariado con la persecuci\u00f3n de Jos\u00e9 Voytenco hacia mi persona, lo vienen haciendo en Necochea, pero no solo a m\u00ed sino al secretario general de la Bolsa de Trabajo, nos han bajado la lista diciendo que no cumplimos con el cupo femenino, cuando tenemos cuatro compa\u00f1eras dentro de la lista y superamos holgadamente lo exigido por la cantidad de afiliadas a la seccional, que tendr\u00edan que ser dos, pero han puesto ese art\u00edculo 54 del estatuto como motivo y han bajado la lista\u201d.<\/p>\n<p>Por ello, \u201clos compa\u00f1eros quer\u00edan manifestarse y cortar el acceso a la boca de expendio para repudiar la actitud de Voytenco y S\u00e1nchez J\u00e1uregui, y para que reaccionen los trabajadores de la otra lista porque queremos que todos elijan en libertad a qui\u00e9n quiere que los conduzca, as\u00ed que no nos qued\u00f3 otro remedio que ir a la Justicia\u201d, confirm\u00f3<\/p>\n<p>\u201cHemos pedido un amparo extraordinario, ya que hemos cumplido en tiempo y forma, tenemos toda la documentaci\u00f3n respaldatoria y ha quedado demostrada la persecuci\u00f3n de Voytenco, el secretario Ger\u00f3nimo P\u00e9rez y la Junta Elecoral nacional\u201d, reafirm\u00f3 Lastra, para concluir asegurando que \u201cesto no es solo en la seccional Necochea, sino que han bajado 70 listas de manera irrisoria, ya que las bajan a todas con el mismo art\u00edculo N\u00ba 54\u201d.<\/p>\n","protected":false},"excerpt":{"rendered":"<p>El dirigente Mario Lastra fue entrevistado este lunes v\u00eda telef\u00f3nica por el periodista Jorge G\u00f3mez en \u201cVoces de la Ciudad\u201d y no solo se refiri\u00f3 al trasfondo que envuelve a la baja de lista de la seccional N\u00ba 10 de Necochea, sino a cuestiones personales, y apunt\u00f3 al secretario general nacional de Uatre, Jos\u00e9 Voytenco, [&hellip;]<\/p>\n","protected":false},"author":3,"featured_media":103066,"comment_status":"open","ping_status":"open","sticky":false,"template":"","format":"standard","meta":{"footnotes":""},"categories":[3],"tags":[],"class_list":["post-103677","post","type-post","status-publish","format-standard","has-post-thumbnail","category-masnoticias"],"_links":{"self":[{"href":"https:\/\/primicias2262.com\/noticias\/wp-json\/wp\/v2\/posts\/103677","targetHints":{"allow":["GET"]}}],"collection":[{"href":"https:\/\/primicias2262.com\/noticias\/wp-json\/wp\/v2\/posts"}],"about":[{"href":"https:\/\/primicias2262.com\/noticias\/wp-json\/wp\/v2\/types\/post"}],"author":[{"embeddable":true,"href":"https:\/\/primicias2262.com\/noticias\/wp-json\/wp\/v2\/users\/3"}],"replies":[{"embeddable":true,"href":"https:\/\/primicias2262.com\/noticias\/wp-json\/wp\/v2\/comments?post=103677"}],"version-history":[{"count":2,"href":"https:\/\/primicias2262.com\/noticias\/wp-json\/wp\/v2\/posts\/103677\/revisions"}],"predecessor-version":[{"id":103695,"href":"https:\/\/primicias2262.com\/noticias\/wp-json\/wp\/v2\/posts\/103677\/revisions\/103695"}],"wp:featuredmedia":[{"embeddable":true,"href":"https:\/\/primicias2262.com\/noticias\/wp-json\/wp\/v2\/media\/103066"}],"wp:attachment":[{"href":"https:\/\/primicias2262.com\/noticias\/wp-json\/wp\/v2\/media?parent=103677"}],"wp:term":[{"taxonomy":"category","embeddable":true,"href":"https:\/\/primicias2262.com\/noticias\/wp-json\/wp\/v2\/categories?post=103677"},{"taxonomy":"post_tag","embeddable":true,"href":"https:\/\/primicias2262.com\/noticias\/wp-json\/wp\/v2\/tags?post=103677"}],"curies":[{"name":"wp","href":"https:\/\/api.w.org\/{rel}","templated":true}]}}