{"id":103680,"date":"2023-09-18T17:00:04","date_gmt":"2023-09-18T17:00:04","guid":{"rendered":"https:\/\/primicias2262.com\/noticias\/?p=103680"},"modified":"2023-09-19T18:01:02","modified_gmt":"2023-09-19T18:01:02","slug":"es-un-honor-trabajar-la-opcion-de-militar-la-boleta-de-union-por-la-patria-y-del-intendente-rojas-en-lo-local","status":"publish","type":"post","link":"https:\/\/primicias2262.com\/noticias\/es-un-honor-trabajar-la-opcion-de-militar-la-boleta-de-union-por-la-patria-y-del-intendente-rojas-en-lo-local\/","title":{"rendered":"\u201cEs un honor trabajar la opci\u00f3n de militar la boleta de Uni\u00f3n por la Patria y del intendente Rojas en lo local\u201d"},"content":{"rendered":"<p><strong>As\u00ed lo afirm\u00f3 el delegado de Quequ\u00e9n, Mario Wilgenhoff, quien forma parte de un grupo de dirigentes peronistas que no se identifican a nivel local con la conducci\u00f3n del presidente del PJ, Marcelo Rivero, y militar\u00e1n a favor del intendente Arturo Rojas para las elecciones de octubre. \u201cQue me digan traidor y lo que quieran, yo no tengo problemas\u201d, asegur\u00f3.<\/strong><\/p>\n<p>Quien est\u00e1 afiliado al peronismo desde 1985, visit\u00f3 los estudios de \u201cVoces de la Ciudad\u201d y ante la consulta del periodista Jorge G\u00f3mez confirm\u00f3 que el venidero s\u00e1bado 23 de septiembre abrir\u00e1n un local en 519 entre 552 y 554 junto a dirigentes peronistas para trabajar electoralmente a favor de la candidatura presidencial de Sergio Massa, la de Axel Kicillof para gobernador y de Arturo Rojas como intendente.<\/p>\n<p>\u201cLo estaremos inaugurando el s\u00e1bado, es un lugar peronista que naci\u00f3 del pedido de un grupo de compa\u00f1eros que no se identifica con el peronismo actual ( que encabeza Marcelo Rivero) y empez\u00f3 a pedir otra opci\u00f3n, votan en lo local al intendente y nos juntamos en grupo, en el cual hay varios gremios, para trabajar de esa forma\u201d, contextualiz\u00f3 Wilgenhoff, para afirmar que \u201cen mi caso, tengo el coraz\u00f3n en el peronismo y es un honor trabajar esta muy buena opci\u00f3n que es militar la boleta de Uni\u00f3n por la Patria y la del intendente Arturo Rojas ac\u00e1 en lo local\u201d.<\/p>\n<p>Acerca de los comentarios que esto gener\u00f3, el funcionario opin\u00f3 que \u201cpor estos d\u00edas veo a un sector de la oposici\u00f3n muy preocupada por lo que hace el intendente\u2026 uno se preocupa por el costo de un escenario, otro por la ideolog\u00eda de los funcionarios de Rojas, pero no dicen qu\u00e9 le van a ofrecer a la gente en caso de ganar. \u00bfSe terminan las fiestas populares acaso?, si ese es todo el proyecto que tienen me parece muy pobre\u201d.<\/p>\n<p>\u201cPor otro lado -prosigui\u00f3- ten\u00e9s a los que se creen due\u00f1o del peronismo porque se sacan una foto con el gobernador, y me parece una locura porque el peronismo no tiene due\u00f1o. Nosotros tenemos la misma posibilidad de trabajar para Massa, Kicillof y el intendente Rojas\u2026 que me digan traidor y lo que quieran, yo no tengo problemas\u201d.<\/p>\n<p>Argument\u00f3 seguidamente que \u201chace un a\u00f1o dije que el peronismo local se ten\u00eda que dar un debate, y me cuestionaron por decir eso, pero es lo que est\u00e1 pasando ahora\u201d, y sobre el candidato a intendente de UNI\u00d3N POR LA Patria, Marcelo Rivero, se\u00f1al\u00f3 que \u201cel Chelo es un amigo, pero lo escuchaba y \u00e9l dec\u00eda que el peronismo es \u00e9l, y no es tan as\u00ed porque los n\u00fameros de las PASO as\u00ed lo demostraron\u201d.<\/p>\n<p>Finalmente, ponder\u00f3 que \u201cArturo Rojas hoy est\u00e1 en un espacio vecinal muy bien creado, con gente que integramos muchos partidos, pero se habla y se trabaja solamente por el partido de Necochea, es un partido vecinalista que lleg\u00f3 para quedarse, porque tiene experiencia pero tambi\u00e9n una juventud interesante trabajando, y estoy c\u00f3modo porque siento que le aporto un granito de arena a la ciudad\u201d.<\/p>\n","protected":false},"excerpt":{"rendered":"<p>As\u00ed lo afirm\u00f3 el delegado de Quequ\u00e9n, Mario Wilgenhoff, quien forma parte de un grupo de dirigentes peronistas que no se identifican a nivel local con la conducci\u00f3n del presidente del PJ, Marcelo Rivero, y militar\u00e1n a favor del intendente Arturo Rojas para las elecciones de octubre. \u201cQue me digan traidor y lo que quieran, [&hellip;]<\/p>\n","protected":false},"author":3,"featured_media":103681,"comment_status":"open","ping_status":"open","sticky":false,"template":"","format":"standard","meta":{"footnotes":""},"categories":[3],"tags":[],"class_list":["post-103680","post","type-post","status-publish","format-standard","has-post-thumbnail","category-masnoticias"],"_links":{"self":[{"href":"https:\/\/primicias2262.com\/noticias\/wp-json\/wp\/v2\/posts\/103680","targetHints":{"allow":["GET"]}}],"collection":[{"href":"https:\/\/primicias2262.com\/noticias\/wp-json\/wp\/v2\/posts"}],"about":[{"href":"https:\/\/primicias2262.com\/noticias\/wp-json\/wp\/v2\/types\/post"}],"author":[{"embeddable":true,"href":"https:\/\/primicias2262.com\/noticias\/wp-json\/wp\/v2\/users\/3"}],"replies":[{"embeddable":true,"href":"https:\/\/primicias2262.com\/noticias\/wp-json\/wp\/v2\/comments?post=103680"}],"version-history":[{"count":2,"href":"https:\/\/primicias2262.com\/noticias\/wp-json\/wp\/v2\/posts\/103680\/revisions"}],"predecessor-version":[{"id":103707,"href":"https:\/\/primicias2262.com\/noticias\/wp-json\/wp\/v2\/posts\/103680\/revisions\/103707"}],"wp:featuredmedia":[{"embeddable":true,"href":"https:\/\/primicias2262.com\/noticias\/wp-json\/wp\/v2\/media\/103681"}],"wp:attachment":[{"href":"https:\/\/primicias2262.com\/noticias\/wp-json\/wp\/v2\/media?parent=103680"}],"wp:term":[{"taxonomy":"category","embeddable":true,"href":"https:\/\/primicias2262.com\/noticias\/wp-json\/wp\/v2\/categories?post=103680"},{"taxonomy":"post_tag","embeddable":true,"href":"https:\/\/primicias2262.com\/noticias\/wp-json\/wp\/v2\/tags?post=103680"}],"curies":[{"name":"wp","href":"https:\/\/api.w.org\/{rel}","templated":true}]}}