{"id":103691,"date":"2023-09-19T16:01:06","date_gmt":"2023-09-19T16:01:06","guid":{"rendered":"https:\/\/primicias2262.com\/noticias\/?p=103691"},"modified":"2023-09-20T11:58:02","modified_gmt":"2023-09-20T11:58:02","slug":"gaston-diaz-estamos-muy-cerca-con-el-ejecutivo-y-no-habra-inconveniente-para-llegar-a-un-acuerdo","status":"publish","type":"post","link":"https:\/\/primicias2262.com\/noticias\/gaston-diaz-estamos-muy-cerca-con-el-ejecutivo-y-no-habra-inconveniente-para-llegar-a-un-acuerdo\/","title":{"rendered":"Gast\u00f3n D\u00edaz: \u201cEstamos muy cerca con el Ejecutivo y no habr\u00e1 inconveniente para llegar a un acuerdo\u201d"},"content":{"rendered":"<p><strong>El secretario Adjunto del Sindicato de Trabajadores Municipales se expres\u00f3 en \u201cVoces de la Ciudad\u201d pos asamblea en el gremio de la calle 63, donde se trat\u00f3 la propuesta salarial hecha por la Municipalidad, la cual los municipales pretender\u00e1n elevarla en un peque\u00f1o porcentaje.<\/strong><\/p>\n<p>Tras la consulta del periodista Hugo Arroyo acerca de la asamblea de afiliados del STM para considerar la oferta de ajuste de salarios realizada por el municipio, Gast\u00f3n D\u00edaz afirm\u00f3 que \u201cnos juntamos a tratar la propuesta formal del Ejecutivo despu\u00e9s de haber tenido ya los n\u00fameros de la inflaci\u00f3n m\u00e1s claros, recordando que nosotros tenemos un acuerdo sobre los aumentos de manera trimestral siempre conforme a la inflaci\u00f3n de los tres meses anteriores\u201d.<\/p>\n<p>Sin embargo, el secretario se\u00f1al\u00f3 que \u201cdespu\u00e9s de las elecciones PASO con la devaluaci\u00f3n se nos licu\u00f3 un poco el aumento que hab\u00edamos conseguido all\u00e1 por julio, as\u00ed que en el marco de negociaciones con el Ejecutivo nos ofertaron que las paritarias sean bimestrales en lugar de trimestrales\u201d.<\/p>\n<p>Por lo tanto, aclar\u00f3 que \u201cten\u00edamos proyectado un aumento con los haberes de octubre y otro con los haberes de enero del a\u00f1o que viene, pero la propuesta del Ejecutivo es adelantarlas y que sean bimestrales, por lo cual este mes tendr\u00edamos un aumento con los haberes de septiembre, otro aumento con los haberes de noviembre y en enero el \u00faltimo aumento para cerrar las paritarias anuales 2023\u201d.<\/p>\n<p>Seguidamente le puso cifras a cada una de las partes. \u201cTen\u00edamos que esperar la inflaci\u00f3n de agosto que fue de 12,4, m\u00e1s la de julio nos daba alrededor de un 19,5% de inflaci\u00f3n, as\u00ed que entre idas y vueltas el Departamento Ejecutivo nos termin\u00f3 ofreciendo unos puntos m\u00e1s y en s\u00edntesis la propuesta era del 22% de aumento aplicado para este mes y sobre el \u00faltimo b\u00e1sico\u201d, a lo que agreg\u00f3 que \u201cse trat\u00f3 en asamblea y surgi\u00f3 pedir unos puntos m\u00e1s, teniendo en cuenta el 22% de devaluaci\u00f3n y as\u00ed tratar de llegar al 25%, que es lo que trasladaremos por estas horas al Ejecutivo\u201d.<\/p>\n<p>Si bien todav\u00eda no hay una definici\u00f3n certera, D\u00edaz reconoci\u00f3 que \u201cla diferencia entre las partes es muy poca, entendemos que estamos cerca y no habr\u00e1 tanto inconveniente, si no es un 3% m\u00e1s ser\u00e1 un 2%\u201d, para concluir ratificando que \u201ccuando estemos cobrando los salarios de septiembre el mes que viene vendr\u00e1 ya con el impacto de este aumento y aplicado sobre el \u00faltimo salario, que fue un poco la discusi\u00f3n a principio de estas paritarias, cuando ped\u00edamos que cada aumento impacte sobre el \u00faltimo salario\u201d.<\/p>\n","protected":false},"excerpt":{"rendered":"<p>El secretario Adjunto del Sindicato de Trabajadores Municipales se expres\u00f3 en \u201cVoces de la Ciudad\u201d pos asamblea en el gremio de la calle 63, donde se trat\u00f3 la propuesta salarial hecha por la Municipalidad, la cual los municipales pretender\u00e1n elevarla en un peque\u00f1o porcentaje. Tras la consulta del periodista Hugo Arroyo acerca de la asamblea [&hellip;]<\/p>\n","protected":false},"author":3,"featured_media":102056,"comment_status":"open","ping_status":"open","sticky":false,"template":"","format":"standard","meta":{"footnotes":""},"categories":[3],"tags":[],"class_list":["post-103691","post","type-post","status-publish","format-standard","has-post-thumbnail","category-masnoticias"],"_links":{"self":[{"href":"https:\/\/primicias2262.com\/noticias\/wp-json\/wp\/v2\/posts\/103691","targetHints":{"allow":["GET"]}}],"collection":[{"href":"https:\/\/primicias2262.com\/noticias\/wp-json\/wp\/v2\/posts"}],"about":[{"href":"https:\/\/primicias2262.com\/noticias\/wp-json\/wp\/v2\/types\/post"}],"author":[{"embeddable":true,"href":"https:\/\/primicias2262.com\/noticias\/wp-json\/wp\/v2\/users\/3"}],"replies":[{"embeddable":true,"href":"https:\/\/primicias2262.com\/noticias\/wp-json\/wp\/v2\/comments?post=103691"}],"version-history":[{"count":2,"href":"https:\/\/primicias2262.com\/noticias\/wp-json\/wp\/v2\/posts\/103691\/revisions"}],"predecessor-version":[{"id":103722,"href":"https:\/\/primicias2262.com\/noticias\/wp-json\/wp\/v2\/posts\/103691\/revisions\/103722"}],"wp:featuredmedia":[{"embeddable":true,"href":"https:\/\/primicias2262.com\/noticias\/wp-json\/wp\/v2\/media\/102056"}],"wp:attachment":[{"href":"https:\/\/primicias2262.com\/noticias\/wp-json\/wp\/v2\/media?parent=103691"}],"wp:term":[{"taxonomy":"category","embeddable":true,"href":"https:\/\/primicias2262.com\/noticias\/wp-json\/wp\/v2\/categories?post=103691"},{"taxonomy":"post_tag","embeddable":true,"href":"https:\/\/primicias2262.com\/noticias\/wp-json\/wp\/v2\/tags?post=103691"}],"curies":[{"name":"wp","href":"https:\/\/api.w.org\/{rel}","templated":true}]}}