{"id":103693,"date":"2023-09-19T17:16:14","date_gmt":"2023-09-19T17:16:14","guid":{"rendered":"https:\/\/primicias2262.com\/noticias\/?p=103693"},"modified":"2023-09-20T11:56:43","modified_gmt":"2023-09-20T11:56:43","slug":"estamos-cara-a-cara-con-la-gente-y-nunca-le-vamos-a-esquivar-a-los-problemas","status":"publish","type":"post","link":"https:\/\/primicias2262.com\/noticias\/estamos-cara-a-cara-con-la-gente-y-nunca-le-vamos-a-esquivar-a-los-problemas\/","title":{"rendered":"\u201cEstamos cara a cara con la gente y nunca le vamos a esquivar a los problemas\u201d"},"content":{"rendered":"<p><strong>As\u00ed lo expres\u00f3 Silvina Jensen Menna, quien es actual presidenta del Consejo Escolar y segunda candidata a concejal por Nueva Necochea, durante su visita a \u201cVoces de la Ciudad\u201d y la nota realizada por el periodista Hugo Arroyo.<\/strong><\/p>\n<p>La presidenta del Consejo asegur\u00f3 que \u201cestoy feliz de acompa\u00f1ar a Arturo Rojas en su proyecto de Nueva Necochea, quien me convoc\u00f3 en 2019 en la lista de la gente, yo no ven\u00eda de ninguna militancia, aunque s\u00ed ten\u00eda mi ideolog\u00eda pol\u00edtica, y hoy soy pura de Nueva Necochea, agradecida de este lugar que se me dio en esta lista de concejales\u201d.<\/p>\n<p>Con una importante cuota de sorpresa, revel\u00f3 que \u201ca veces pienso que hace cuatro a\u00f1os estaba en la direcci\u00f3n del jard\u00edn, en la comodidad de mi trabajo que ya ten\u00eda aprendido en mi carrera docente y hoy estoy haciendo un paso hacia el cuerpo deliberativo con nuevos desaf\u00edos, pero siempre con la misma idea de ayudar a que la gente tenga una mejor calidad de vida en la ciudad\u201d.<\/p>\n<p>En ese sentido, Jensen Menna manifest\u00f3 que \u201cqueremos pedirle el acompa\u00f1amiento nuevamente a la gente, no es lo mismo votar a un espacio que a otro, Arturo tiene la experiencia y se ha preparado desde siempre, y desde el equipo conocemos el territorio, estamos cara a cara con la gente y nunca le vamos a esquivar a los problemas. Para mejorar la gobernabilidad y tener una buena gesti\u00f3n los siguientes cuatro a\u00f1os, precisamos los concejales para poner en carpeta los temas pendientes\u201d.<\/p>\n<p>La futura concejal argument\u00f3 que \u201cen 2021 con la boleta corta solo juntamos tres concejales que son los que nos quedan, entonces no es lo mismo tener cuatro concejales m\u00e1s o que ingresen cinco o seis de cara\u00a0 a lo que viene. No precis\u00e1s una mayor\u00eda absoluta, pero s\u00ed una cantidad de concejales que te permitan el trabajo en conjunto con el resto, para poder lograr llegar a algunos objetivos, porque si no te atraviesa la Necochea del no\u201d.<\/p>\n<p>De cara a las elecciones del 22 de octubre, Silvina opin\u00f3 que \u201centre las PASO y ahora siento la misma sensaci\u00f3n que en 2019, incluso la gente que no te va a votar reconoce que la ciudad est\u00e1 mejor\u2026 donde vamos la gente se acerca, percibimos que la gente acompa\u00f1a y se nota en cada Oficina M\u00f3vil, el cara a cara es lo mejor que nos puede pasar\u201d.<\/p>\n","protected":false},"excerpt":{"rendered":"<p>As\u00ed lo expres\u00f3 Silvina Jensen Menna, quien es actual presidenta del Consejo Escolar y segunda candidata a concejal por Nueva Necochea, durante su visita a \u201cVoces de la Ciudad\u201d y la nota realizada por el periodista Hugo Arroyo. La presidenta del Consejo asegur\u00f3 que \u201cestoy feliz de acompa\u00f1ar a Arturo Rojas en su proyecto de [&hellip;]<\/p>\n","protected":false},"author":3,"featured_media":101463,"comment_status":"open","ping_status":"open","sticky":false,"template":"","format":"standard","meta":{"footnotes":""},"categories":[3],"tags":[],"class_list":["post-103693","post","type-post","status-publish","format-standard","has-post-thumbnail","category-masnoticias"],"_links":{"self":[{"href":"https:\/\/primicias2262.com\/noticias\/wp-json\/wp\/v2\/posts\/103693","targetHints":{"allow":["GET"]}}],"collection":[{"href":"https:\/\/primicias2262.com\/noticias\/wp-json\/wp\/v2\/posts"}],"about":[{"href":"https:\/\/primicias2262.com\/noticias\/wp-json\/wp\/v2\/types\/post"}],"author":[{"embeddable":true,"href":"https:\/\/primicias2262.com\/noticias\/wp-json\/wp\/v2\/users\/3"}],"replies":[{"embeddable":true,"href":"https:\/\/primicias2262.com\/noticias\/wp-json\/wp\/v2\/comments?post=103693"}],"version-history":[{"count":2,"href":"https:\/\/primicias2262.com\/noticias\/wp-json\/wp\/v2\/posts\/103693\/revisions"}],"predecessor-version":[{"id":103721,"href":"https:\/\/primicias2262.com\/noticias\/wp-json\/wp\/v2\/posts\/103693\/revisions\/103721"}],"wp:featuredmedia":[{"embeddable":true,"href":"https:\/\/primicias2262.com\/noticias\/wp-json\/wp\/v2\/media\/101463"}],"wp:attachment":[{"href":"https:\/\/primicias2262.com\/noticias\/wp-json\/wp\/v2\/media?parent=103693"}],"wp:term":[{"taxonomy":"category","embeddable":true,"href":"https:\/\/primicias2262.com\/noticias\/wp-json\/wp\/v2\/categories?post=103693"},{"taxonomy":"post_tag","embeddable":true,"href":"https:\/\/primicias2262.com\/noticias\/wp-json\/wp\/v2\/tags?post=103693"}],"curies":[{"name":"wp","href":"https:\/\/api.w.org\/{rel}","templated":true}]}}