{"id":103697,"date":"2023-09-19T17:58:45","date_gmt":"2023-09-19T17:58:45","guid":{"rendered":"https:\/\/primicias2262.com\/noticias\/?p=103697"},"modified":"2023-09-20T11:58:44","modified_gmt":"2023-09-20T11:58:44","slug":"la-biblia-tiene-su-monumento-en-una-esquina-de-necochea","status":"publish","type":"post","link":"https:\/\/primicias2262.com\/noticias\/la-biblia-tiene-su-monumento-en-una-esquina-de-necochea\/","title":{"rendered":"La Biblia tiene su monumento en una esquina de Necochea"},"content":{"rendered":"<p><strong>Como fruto del permanente trabajo en conjunto entre el Ejecutivo Municipal, encabezado por el intendente Arturo Rojas, y el Consejo Pastoral de Necochea y Quequ\u00e9n, qued\u00f3 inaugurado en la esquina de 58 y 69 el Monumento a la Palabra de Dios, ceremonia que cont\u00f3 con un masivo acompa\u00f1amiento de las congregaciones cristiano evang\u00e9licas de la ciudad.<\/strong><\/p>\n<p>El m\u00e1ximo mandatario del distrito no dej\u00f3 de reconocer el trabajo del pueblo cristiano con la sociedad local y cuando dirigi\u00f3 la palabra subray\u00f3 \u201cla importancia de la fe en los momentos dif\u00edciles que nos toca vivir\u201d, por eso \u201cnosotros valoramos el aporte y el compromiso de cada una de nuestras iglesias y de nuestros pastores con la comunidad, no solo con la fe y una palabra de aliento, sino poniendo una mano solidaria en los sectores m\u00e1s vulnerables\u201d.<\/p>\n<p><a href=\"https:\/\/primicias2262.com\/noticias\/wp-content\/uploads\/2023\/09\/19-09-FOTO-Rojas-monumento-Biblia.jpeg\"><img loading=\"lazy\" decoding=\"async\" class=\"aligncenter size-full wp-image-103702\" src=\"https:\/\/primicias2262.com\/noticias\/wp-content\/uploads\/2023\/09\/19-09-FOTO-Rojas-monumento-Biblia.jpeg\" alt=\"\" width=\"1600\" height=\"1066\" srcset=\"https:\/\/primicias2262.com\/noticias\/wp-content\/uploads\/2023\/09\/19-09-FOTO-Rojas-monumento-Biblia.jpeg 1600w, https:\/\/primicias2262.com\/noticias\/wp-content\/uploads\/2023\/09\/19-09-FOTO-Rojas-monumento-Biblia-300x200.jpeg 300w, https:\/\/primicias2262.com\/noticias\/wp-content\/uploads\/2023\/09\/19-09-FOTO-Rojas-monumento-Biblia-1024x682.jpeg 1024w, https:\/\/primicias2262.com\/noticias\/wp-content\/uploads\/2023\/09\/19-09-FOTO-Rojas-monumento-Biblia-768x512.jpeg 768w, https:\/\/primicias2262.com\/noticias\/wp-content\/uploads\/2023\/09\/19-09-FOTO-Rojas-monumento-Biblia-1536x1023.jpeg 1536w, https:\/\/primicias2262.com\/noticias\/wp-content\/uploads\/2023\/09\/19-09-FOTO-Rojas-monumento-Biblia-150x100.jpeg 150w, https:\/\/primicias2262.com\/noticias\/wp-content\/uploads\/2023\/09\/19-09-FOTO-Rojas-monumento-Biblia-696x464.jpeg 696w, https:\/\/primicias2262.com\/noticias\/wp-content\/uploads\/2023\/09\/19-09-FOTO-Rojas-monumento-Biblia-1068x712.jpeg 1068w\" sizes=\"auto, (max-width: 1600px) 100vw, 1600px\" \/><\/a>Acto seguido agradeci\u00f3 el gesto del Consejo Pastoral de ir a orar a su despacho cada dos semanas: \u201cNo solo oran por nosotros, sino por nuestra bendita tierra y nuestra comunidad\u201d, valor\u00f3 Rojas, para afirmar que \u201cpretendemos que este monumento sea un s\u00edmbolo de uni\u00f3n en la comunidad y de prosperidad, y que represente los valores que ustedes profesan, el del respeto al otro, la solidaridad con el que necesita una mano y el amor hacia el pr\u00f3jimo\u201d.<\/p>\n<p>Finalmente, el Intendente trajo a colaci\u00f3n la historia de Josu\u00e9 y el camino del pueblo de Israel desde la esclavitud hacia la tierra prometida, recalcando en la valent\u00eda y en no desmayar \u201cen seguir trabajando para que la nuestra sea una tierra de oportunidades y de prosperidad\u201d, para concluir que \u201custedes mejor que nadie conocen el valor de la Palabra, algo que ha estado muy desprestigiado, no solo el significado de la Palabra de Dios en la Biblia, sino la palabra del hombre en poder cumplir con las promesas y con hechos lo que se dice, y ese ha sido uno de los objetivos de nuestra gesti\u00f3n, recuperar el valor de la palabra\u201d.<\/p>\n<p><a href=\"https:\/\/primicias2262.com\/noticias\/wp-content\/uploads\/2023\/09\/19-09-FOTO-inauguracion-monumento-Biblia.jpeg\"><img loading=\"lazy\" decoding=\"async\" class=\"aligncenter size-full wp-image-103698\" src=\"https:\/\/primicias2262.com\/noticias\/wp-content\/uploads\/2023\/09\/19-09-FOTO-inauguracion-monumento-Biblia.jpeg\" alt=\"\" width=\"1600\" height=\"1066\" srcset=\"https:\/\/primicias2262.com\/noticias\/wp-content\/uploads\/2023\/09\/19-09-FOTO-inauguracion-monumento-Biblia.jpeg 1600w, https:\/\/primicias2262.com\/noticias\/wp-content\/uploads\/2023\/09\/19-09-FOTO-inauguracion-monumento-Biblia-300x200.jpeg 300w, https:\/\/primicias2262.com\/noticias\/wp-content\/uploads\/2023\/09\/19-09-FOTO-inauguracion-monumento-Biblia-1024x682.jpeg 1024w, https:\/\/primicias2262.com\/noticias\/wp-content\/uploads\/2023\/09\/19-09-FOTO-inauguracion-monumento-Biblia-768x512.jpeg 768w, https:\/\/primicias2262.com\/noticias\/wp-content\/uploads\/2023\/09\/19-09-FOTO-inauguracion-monumento-Biblia-1536x1023.jpeg 1536w, https:\/\/primicias2262.com\/noticias\/wp-content\/uploads\/2023\/09\/19-09-FOTO-inauguracion-monumento-Biblia-150x100.jpeg 150w, https:\/\/primicias2262.com\/noticias\/wp-content\/uploads\/2023\/09\/19-09-FOTO-inauguracion-monumento-Biblia-696x464.jpeg 696w, https:\/\/primicias2262.com\/noticias\/wp-content\/uploads\/2023\/09\/19-09-FOTO-inauguracion-monumento-Biblia-1068x712.jpeg 1068w\" sizes=\"auto, (max-width: 1600px) 100vw, 1600px\" \/><\/a>Luego de ello, los pastores Mart\u00edn Ortega y Rub\u00e9n V\u00edlchez bendijeron la obra erigida, la cual refleja un p\u00falpito con una cruz calada y encima del mismo la Palabra de Dios abierta en el Salmo 119.105: \u201cL\u00e1mpara es a mis pies tu palabra, y lumbrera a mi camino\u201d; para continuar luego con el corte de cintas inaugural junto al Intendente y el secretario de Planeamiento, Obras y Servicios P\u00fablicos, Adri\u00e1n Furno.<\/p>\n<p>Durante el acto, compartieron sus mensajes alusivos los pastores Jorge Daruich, Rub\u00e9n V\u00edlchez, Jorge Ortega y Mart\u00edn Ortega, y tambi\u00e9n estuvieron presentes por la pastoral Marcelo Bracone, Ezequiel Ojeda, Graciela Bueno, Miguel Colacillo, Horacio Loria, Jos\u00e9 Luis Ben\u00edtez y Jorge Avincheta.<\/p>\n<div id='gallery-1' class='gallery galleryid-103697 gallery-columns-2 gallery-size-medium'><figure class='gallery-item'>\n\t\t\t<div class='gallery-icon landscape'>\n\t\t\t\t<a href='https:\/\/primicias2262.com\/noticias\/la-biblia-tiene-su-monumento-en-una-esquina-de-necochea\/19-09-foto-monumento-biblia3\/'><img loading=\"lazy\" decoding=\"async\" width=\"300\" height=\"200\" src=\"https:\/\/primicias2262.com\/noticias\/wp-content\/uploads\/2023\/09\/19-09-FOTO-monumento-Biblia3-300x200.jpeg\" class=\"attachment-medium size-medium\" alt=\"\" srcset=\"https:\/\/primicias2262.com\/noticias\/wp-content\/uploads\/2023\/09\/19-09-FOTO-monumento-Biblia3-300x200.jpeg 300w, https:\/\/primicias2262.com\/noticias\/wp-content\/uploads\/2023\/09\/19-09-FOTO-monumento-Biblia3-1024x682.jpeg 1024w, https:\/\/primicias2262.com\/noticias\/wp-content\/uploads\/2023\/09\/19-09-FOTO-monumento-Biblia3-768x512.jpeg 768w, https:\/\/primicias2262.com\/noticias\/wp-content\/uploads\/2023\/09\/19-09-FOTO-monumento-Biblia3-1536x1023.jpeg 1536w, https:\/\/primicias2262.com\/noticias\/wp-content\/uploads\/2023\/09\/19-09-FOTO-monumento-Biblia3-150x100.jpeg 150w, https:\/\/primicias2262.com\/noticias\/wp-content\/uploads\/2023\/09\/19-09-FOTO-monumento-Biblia3-696x464.jpeg 696w, https:\/\/primicias2262.com\/noticias\/wp-content\/uploads\/2023\/09\/19-09-FOTO-monumento-Biblia3-1068x712.jpeg 1068w, https:\/\/primicias2262.com\/noticias\/wp-content\/uploads\/2023\/09\/19-09-FOTO-monumento-Biblia3.jpeg 1600w\" sizes=\"auto, (max-width: 300px) 100vw, 300px\" \/><\/a>\n\t\t\t<\/div><\/figure><figure class='gallery-item'>\n\t\t\t<div class='gallery-icon landscape'>\n\t\t\t\t<a href='https:\/\/primicias2262.com\/noticias\/la-biblia-tiene-su-monumento-en-una-esquina-de-necochea\/19-09-foto-monumento-biblia5\/'><img loading=\"lazy\" decoding=\"async\" width=\"300\" height=\"200\" src=\"https:\/\/primicias2262.com\/noticias\/wp-content\/uploads\/2023\/09\/19-09-FOTO-monumento-Biblia5-300x200.jpeg\" class=\"attachment-medium size-medium\" alt=\"\" srcset=\"https:\/\/primicias2262.com\/noticias\/wp-content\/uploads\/2023\/09\/19-09-FOTO-monumento-Biblia5-300x200.jpeg 300w, https:\/\/primicias2262.com\/noticias\/wp-content\/uploads\/2023\/09\/19-09-FOTO-monumento-Biblia5-1024x682.jpeg 1024w, https:\/\/primicias2262.com\/noticias\/wp-content\/uploads\/2023\/09\/19-09-FOTO-monumento-Biblia5-768x512.jpeg 768w, https:\/\/primicias2262.com\/noticias\/wp-content\/uploads\/2023\/09\/19-09-FOTO-monumento-Biblia5-1536x1023.jpeg 1536w, https:\/\/primicias2262.com\/noticias\/wp-content\/uploads\/2023\/09\/19-09-FOTO-monumento-Biblia5-150x100.jpeg 150w, https:\/\/primicias2262.com\/noticias\/wp-content\/uploads\/2023\/09\/19-09-FOTO-monumento-Biblia5-696x464.jpeg 696w, https:\/\/primicias2262.com\/noticias\/wp-content\/uploads\/2023\/09\/19-09-FOTO-monumento-Biblia5-1068x712.jpeg 1068w, https:\/\/primicias2262.com\/noticias\/wp-content\/uploads\/2023\/09\/19-09-FOTO-monumento-Biblia5.jpeg 1600w\" sizes=\"auto, (max-width: 300px) 100vw, 300px\" \/><\/a>\n\t\t\t<\/div><\/figure>\n\t\t<\/div>\n\n","protected":false},"excerpt":{"rendered":"<p>Como fruto del permanente trabajo en conjunto entre el Ejecutivo Municipal, encabezado por el intendente Arturo Rojas, y el Consejo Pastoral de Necochea y Quequ\u00e9n, qued\u00f3 inaugurado en la esquina de 58 y 69 el Monumento a la Palabra de Dios, ceremonia que cont\u00f3 con un masivo acompa\u00f1amiento de las congregaciones cristiano evang\u00e9licas de la [&hellip;]<\/p>\n","protected":false},"author":3,"featured_media":103699,"comment_status":"open","ping_status":"open","sticky":false,"template":"","format":"standard","meta":{"footnotes":""},"categories":[3],"tags":[],"class_list":["post-103697","post","type-post","status-publish","format-standard","has-post-thumbnail","category-masnoticias"],"_links":{"self":[{"href":"https:\/\/primicias2262.com\/noticias\/wp-json\/wp\/v2\/posts\/103697","targetHints":{"allow":["GET"]}}],"collection":[{"href":"https:\/\/primicias2262.com\/noticias\/wp-json\/wp\/v2\/posts"}],"about":[{"href":"https:\/\/primicias2262.com\/noticias\/wp-json\/wp\/v2\/types\/post"}],"author":[{"embeddable":true,"href":"https:\/\/primicias2262.com\/noticias\/wp-json\/wp\/v2\/users\/3"}],"replies":[{"embeddable":true,"href":"https:\/\/primicias2262.com\/noticias\/wp-json\/wp\/v2\/comments?post=103697"}],"version-history":[{"count":2,"href":"https:\/\/primicias2262.com\/noticias\/wp-json\/wp\/v2\/posts\/103697\/revisions"}],"predecessor-version":[{"id":103723,"href":"https:\/\/primicias2262.com\/noticias\/wp-json\/wp\/v2\/posts\/103697\/revisions\/103723"}],"wp:featuredmedia":[{"embeddable":true,"href":"https:\/\/primicias2262.com\/noticias\/wp-json\/wp\/v2\/media\/103699"}],"wp:attachment":[{"href":"https:\/\/primicias2262.com\/noticias\/wp-json\/wp\/v2\/media?parent=103697"}],"wp:term":[{"taxonomy":"category","embeddable":true,"href":"https:\/\/primicias2262.com\/noticias\/wp-json\/wp\/v2\/categories?post=103697"},{"taxonomy":"post_tag","embeddable":true,"href":"https:\/\/primicias2262.com\/noticias\/wp-json\/wp\/v2\/tags?post=103697"}],"curies":[{"name":"wp","href":"https:\/\/api.w.org\/{rel}","templated":true}]}}