{"id":103704,"date":"2023-09-19T18:00:48","date_gmt":"2023-09-19T18:00:48","guid":{"rendered":"https:\/\/primicias2262.com\/noticias\/?p=103704"},"modified":"2023-09-20T12:23:07","modified_gmt":"2023-09-20T12:23:07","slug":"convocan-a-propietarios-de-food-trucks-para-el-corredor-gastronomico-del-aniversario-de-necochea","status":"publish","type":"post","link":"https:\/\/primicias2262.com\/noticias\/convocan-a-propietarios-de-food-trucks-para-el-corredor-gastronomico-del-aniversario-de-necochea\/","title":{"rendered":"Convocan a propietarios de Food Trucks para el corredor gastron\u00f3mico del Aniversario de Necochea"},"content":{"rendered":"<p><strong>La Municipalidad de Necochea lanz\u00f3 una convocatoria con miras a lo que ser\u00e1n los festejos por el aniversario 142 de la ciudad, en este caso llamando a los propietarios de Food Trucks que quieran conformar el corredor gastron\u00f3mico en la Plaza Dardo Rocha durante el segundo fin de semana de octubre.<\/strong><\/p>\n<p>El evento tendr\u00e1 desarrollo entre el viernes 13 y el lunes 16 de ese mes, con espect\u00e1culos de calibre nacional, como los de El Plan de la Mariposa, Mart\u00edn Bossi y El Polaco, shows de artistas locales y un mont\u00f3n de actividades culturales y recreativas para toda la familia.<\/p>\n<p>Los due\u00f1os de los remolques que quieran comercializar sus productos durante todo el fin de semana largo, tendr\u00e1n tiempo hasta el pr\u00f3ximo mi\u00e9rcoles 27 de septiembre para inscribirse, debiendo dirigirse a las oficinas de la Direcci\u00f3n de Control Urbano, situada en el segundo piso del Centro C\u00edvico, en Avenida 58 esquina 61.<\/p>\n<p>Asimismo, desde la dependencia que encabeza Juan Manuel Laportilla recordaron que los food trucks que no cuenten con su documentaci\u00f3n al d\u00eda, tambi\u00e9n pueden acercarse al edificio para actualizar permisos, abonar tasas y revisar toda la papeler\u00eda necesaria para participar de \u00e9ste o un futuro evento.<\/p>\n","protected":false},"excerpt":{"rendered":"<p>La Municipalidad de Necochea lanz\u00f3 una convocatoria con miras a lo que ser\u00e1n los festejos por el aniversario 142 de la ciudad, en este caso llamando a los propietarios de Food Trucks que quieran conformar el corredor gastron\u00f3mico en la Plaza Dardo Rocha durante el segundo fin de semana de octubre. El evento tendr\u00e1 desarrollo [&hellip;]<\/p>\n","protected":false},"author":3,"featured_media":103705,"comment_status":"open","ping_status":"open","sticky":false,"template":"","format":"standard","meta":{"footnotes":""},"categories":[3],"tags":[],"class_list":["post-103704","post","type-post","status-publish","format-standard","has-post-thumbnail","category-masnoticias"],"_links":{"self":[{"href":"https:\/\/primicias2262.com\/noticias\/wp-json\/wp\/v2\/posts\/103704","targetHints":{"allow":["GET"]}}],"collection":[{"href":"https:\/\/primicias2262.com\/noticias\/wp-json\/wp\/v2\/posts"}],"about":[{"href":"https:\/\/primicias2262.com\/noticias\/wp-json\/wp\/v2\/types\/post"}],"author":[{"embeddable":true,"href":"https:\/\/primicias2262.com\/noticias\/wp-json\/wp\/v2\/users\/3"}],"replies":[{"embeddable":true,"href":"https:\/\/primicias2262.com\/noticias\/wp-json\/wp\/v2\/comments?post=103704"}],"version-history":[{"count":2,"href":"https:\/\/primicias2262.com\/noticias\/wp-json\/wp\/v2\/posts\/103704\/revisions"}],"predecessor-version":[{"id":103740,"href":"https:\/\/primicias2262.com\/noticias\/wp-json\/wp\/v2\/posts\/103704\/revisions\/103740"}],"wp:featuredmedia":[{"embeddable":true,"href":"https:\/\/primicias2262.com\/noticias\/wp-json\/wp\/v2\/media\/103705"}],"wp:attachment":[{"href":"https:\/\/primicias2262.com\/noticias\/wp-json\/wp\/v2\/media?parent=103704"}],"wp:term":[{"taxonomy":"category","embeddable":true,"href":"https:\/\/primicias2262.com\/noticias\/wp-json\/wp\/v2\/categories?post=103704"},{"taxonomy":"post_tag","embeddable":true,"href":"https:\/\/primicias2262.com\/noticias\/wp-json\/wp\/v2\/tags?post=103704"}],"curies":[{"name":"wp","href":"https:\/\/api.w.org\/{rel}","templated":true}]}}