{"id":103708,"date":"2023-09-20T11:55:13","date_gmt":"2023-09-20T11:55:13","guid":{"rendered":"https:\/\/primicias2262.com\/noticias\/?p=103708"},"modified":"2023-09-20T18:05:30","modified_gmt":"2023-09-20T18:05:30","slug":"conoce-el-cronograma-de-artistas-y-talleres-para-el-primavera-fest","status":"publish","type":"post","link":"https:\/\/primicias2262.com\/noticias\/conoce-el-cronograma-de-artistas-y-talleres-para-el-primavera-fest\/","title":{"rendered":"Conoc\u00e9 el cronograma de artistas y talleres para el &#8216;Primavera Fest&#8217;"},"content":{"rendered":"<p><strong>Desde las 14 de este jueves 21, se celebrar\u00e1 la llegada de la tercera estaci\u00f3n del a\u00f1o y el D\u00eda del Estudiante con una variada agenda de artistas y actividades en las escalinatas del Parque.<\/strong><\/p>\n<p>El \u00c1rea de Juventud, a cargo de Valeria Garrido, ultima detalles de cara a la 2\u00aa edici\u00f3n del Primavera Fest, que se realizar\u00e1 este jueves 21 de septiembre para celebrar el inicio de la primavera y el D\u00eda del Estudiante en las escalinatas del Parque Miguel Lillo, en avenidas 10 y 91.<\/p>\n<p>En ese sentido, desde dicha \u00e1rea que depende de la Secretar\u00eda de Turismo y Desarrollo Productivo, se comunic\u00f3 el cronograma de artistas y talleres que le dar\u00e1n vida al festival a partir de las 14 de este jueves.<\/p>\n<p><strong>En cuanto a artistas, se comparte a continuaci\u00f3n la agenda correspondiente:<\/strong><\/p>\n<div id='gallery-1' class='gallery galleryid-103708 gallery-columns-2 gallery-size-medium'><figure class='gallery-item'>\n\t\t\t<div class='gallery-icon portrait'>\n\t\t\t\t<a href='https:\/\/primicias2262.com\/noticias\/conoce-el-cronograma-de-artistas-y-talleres-para-el-primavera-fest\/placa-cronograma-artistas-21s-2\/'><img loading=\"lazy\" decoding=\"async\" width=\"169\" height=\"300\" src=\"https:\/\/primicias2262.com\/noticias\/wp-content\/uploads\/2023\/09\/PLACA-Cronograma-artistas-21S-2-169x300.jpeg\" class=\"attachment-medium size-medium\" alt=\"\" srcset=\"https:\/\/primicias2262.com\/noticias\/wp-content\/uploads\/2023\/09\/PLACA-Cronograma-artistas-21S-2-169x300.jpeg 169w, https:\/\/primicias2262.com\/noticias\/wp-content\/uploads\/2023\/09\/PLACA-Cronograma-artistas-21S-2-576x1024.jpeg 576w, https:\/\/primicias2262.com\/noticias\/wp-content\/uploads\/2023\/09\/PLACA-Cronograma-artistas-21S-2-768x1365.jpeg 768w, https:\/\/primicias2262.com\/noticias\/wp-content\/uploads\/2023\/09\/PLACA-Cronograma-artistas-21S-2-864x1536.jpeg 864w, https:\/\/primicias2262.com\/noticias\/wp-content\/uploads\/2023\/09\/PLACA-Cronograma-artistas-21S-2-150x267.jpeg 150w, https:\/\/primicias2262.com\/noticias\/wp-content\/uploads\/2023\/09\/PLACA-Cronograma-artistas-21S-2-300x533.jpeg 300w, https:\/\/primicias2262.com\/noticias\/wp-content\/uploads\/2023\/09\/PLACA-Cronograma-artistas-21S-2-696x1237.jpeg 696w, https:\/\/primicias2262.com\/noticias\/wp-content\/uploads\/2023\/09\/PLACA-Cronograma-artistas-21S-2.jpeg 900w\" sizes=\"auto, (max-width: 169px) 100vw, 169px\" \/><\/a>\n\t\t\t<\/div><\/figure><figure class='gallery-item'>\n\t\t\t<div class='gallery-icon portrait'>\n\t\t\t\t<a href='https:\/\/primicias2262.com\/noticias\/conoce-el-cronograma-de-artistas-y-talleres-para-el-primavera-fest\/placa-cronograma-artistas-21s\/'><img loading=\"lazy\" decoding=\"async\" width=\"169\" height=\"300\" src=\"https:\/\/primicias2262.com\/noticias\/wp-content\/uploads\/2023\/09\/PLACA-Cronograma-artistas-21S-169x300.jpeg\" class=\"attachment-medium size-medium\" alt=\"\" srcset=\"https:\/\/primicias2262.com\/noticias\/wp-content\/uploads\/2023\/09\/PLACA-Cronograma-artistas-21S-169x300.jpeg 169w, https:\/\/primicias2262.com\/noticias\/wp-content\/uploads\/2023\/09\/PLACA-Cronograma-artistas-21S-576x1024.jpeg 576w, https:\/\/primicias2262.com\/noticias\/wp-content\/uploads\/2023\/09\/PLACA-Cronograma-artistas-21S-768x1365.jpeg 768w, https:\/\/primicias2262.com\/noticias\/wp-content\/uploads\/2023\/09\/PLACA-Cronograma-artistas-21S-864x1536.jpeg 864w, https:\/\/primicias2262.com\/noticias\/wp-content\/uploads\/2023\/09\/PLACA-Cronograma-artistas-21S-150x267.jpeg 150w, https:\/\/primicias2262.com\/noticias\/wp-content\/uploads\/2023\/09\/PLACA-Cronograma-artistas-21S-300x533.jpeg 300w, https:\/\/primicias2262.com\/noticias\/wp-content\/uploads\/2023\/09\/PLACA-Cronograma-artistas-21S-696x1237.jpeg 696w, https:\/\/primicias2262.com\/noticias\/wp-content\/uploads\/2023\/09\/PLACA-Cronograma-artistas-21S.jpeg 900w\" sizes=\"auto, (max-width: 169px) 100vw, 169px\" \/><\/a>\n\t\t\t<\/div><\/figure>\n\t\t<\/div>\n\n<p>En cuanto a la parte institucional, Valeria Garrido apunt\u00f3 que \u201ctendremos la participaci\u00f3n del CPA, que dar\u00e1 un taller acerca de los v\u00ednculos saludables en el noviazgo; la participaci\u00f3n de Cruz Roja que explicar\u00e1 nociones b\u00e1sicas de RCP y primeros auxilios; vamos a contar con la Asociaci\u00f3n Civil \u201cEl Samaritano\u201d, que brindar\u00e1 informaci\u00f3n acerca del consumo problem\u00e1tico en la juventud; y con Atenci\u00f3n Primaria, que realizar\u00e1 testeos gratis de VIH y S\u00edfilis, y brindar\u00e1 asesoramiento para concientizar a los j\u00f3venes sobre la importancia del cuidado, la salud sexual y reproductiva.<\/p>\n<p>Se recuerda adem\u00e1s que el festival contar\u00e1 con actividades deportivas, con el armado de canchas de f\u00fatbol-tenis y de v\u00f3ley en lugar; y stands estudiantiles.<\/p>\n<p><a href=\"https:\/\/primicias2262.com\/noticias\/wp-content\/uploads\/2023\/09\/PLACA-Cronograma-Talleres-21S.jpeg\"><img loading=\"lazy\" decoding=\"async\" class=\"aligncenter size-full wp-image-103711\" src=\"https:\/\/primicias2262.com\/noticias\/wp-content\/uploads\/2023\/09\/PLACA-Cronograma-Talleres-21S.jpeg\" alt=\"\" width=\"899\" height=\"1599\" srcset=\"https:\/\/primicias2262.com\/noticias\/wp-content\/uploads\/2023\/09\/PLACA-Cronograma-Talleres-21S.jpeg 899w, https:\/\/primicias2262.com\/noticias\/wp-content\/uploads\/2023\/09\/PLACA-Cronograma-Talleres-21S-169x300.jpeg 169w, https:\/\/primicias2262.com\/noticias\/wp-content\/uploads\/2023\/09\/PLACA-Cronograma-Talleres-21S-576x1024.jpeg 576w, https:\/\/primicias2262.com\/noticias\/wp-content\/uploads\/2023\/09\/PLACA-Cronograma-Talleres-21S-768x1366.jpeg 768w, https:\/\/primicias2262.com\/noticias\/wp-content\/uploads\/2023\/09\/PLACA-Cronograma-Talleres-21S-864x1536.jpeg 864w, https:\/\/primicias2262.com\/noticias\/wp-content\/uploads\/2023\/09\/PLACA-Cronograma-Talleres-21S-150x267.jpeg 150w, https:\/\/primicias2262.com\/noticias\/wp-content\/uploads\/2023\/09\/PLACA-Cronograma-Talleres-21S-300x534.jpeg 300w, https:\/\/primicias2262.com\/noticias\/wp-content\/uploads\/2023\/09\/PLACA-Cronograma-Talleres-21S-696x1238.jpeg 696w\" sizes=\"auto, (max-width: 899px) 100vw, 899px\" \/><\/a><\/p>\n","protected":false},"excerpt":{"rendered":"<p>Desde las 14 de este jueves 21, se celebrar\u00e1 la llegada de la tercera estaci\u00f3n del a\u00f1o y el D\u00eda del Estudiante con una variada agenda de artistas y actividades en las escalinatas del Parque. El \u00c1rea de Juventud, a cargo de Valeria Garrido, ultima detalles de cara a la 2\u00aa edici\u00f3n del Primavera Fest, [&hellip;]<\/p>\n","protected":false},"author":3,"featured_media":103712,"comment_status":"open","ping_status":"open","sticky":false,"template":"","format":"standard","meta":{"footnotes":""},"categories":[3],"tags":[],"class_list":["post-103708","post","type-post","status-publish","format-standard","has-post-thumbnail","category-masnoticias"],"_links":{"self":[{"href":"https:\/\/primicias2262.com\/noticias\/wp-json\/wp\/v2\/posts\/103708","targetHints":{"allow":["GET"]}}],"collection":[{"href":"https:\/\/primicias2262.com\/noticias\/wp-json\/wp\/v2\/posts"}],"about":[{"href":"https:\/\/primicias2262.com\/noticias\/wp-json\/wp\/v2\/types\/post"}],"author":[{"embeddable":true,"href":"https:\/\/primicias2262.com\/noticias\/wp-json\/wp\/v2\/users\/3"}],"replies":[{"embeddable":true,"href":"https:\/\/primicias2262.com\/noticias\/wp-json\/wp\/v2\/comments?post=103708"}],"version-history":[{"count":1,"href":"https:\/\/primicias2262.com\/noticias\/wp-json\/wp\/v2\/posts\/103708\/revisions"}],"predecessor-version":[{"id":103713,"href":"https:\/\/primicias2262.com\/noticias\/wp-json\/wp\/v2\/posts\/103708\/revisions\/103713"}],"wp:featuredmedia":[{"embeddable":true,"href":"https:\/\/primicias2262.com\/noticias\/wp-json\/wp\/v2\/media\/103712"}],"wp:attachment":[{"href":"https:\/\/primicias2262.com\/noticias\/wp-json\/wp\/v2\/media?parent=103708"}],"wp:term":[{"taxonomy":"category","embeddable":true,"href":"https:\/\/primicias2262.com\/noticias\/wp-json\/wp\/v2\/categories?post=103708"},{"taxonomy":"post_tag","embeddable":true,"href":"https:\/\/primicias2262.com\/noticias\/wp-json\/wp\/v2\/tags?post=103708"}],"curies":[{"name":"wp","href":"https:\/\/api.w.org\/{rel}","templated":true}]}}