{"id":103714,"date":"2023-09-20T11:50:58","date_gmt":"2023-09-20T11:50:58","guid":{"rendered":"https:\/\/primicias2262.com\/noticias\/?p=103714"},"modified":"2023-09-21T12:49:44","modified_gmt":"2023-09-21T12:49:44","slug":"estamos-con-mucha-expectativa-trabajando-para-la-27a-edicion-de-la-coraliada","status":"publish","type":"post","link":"https:\/\/primicias2262.com\/noticias\/estamos-con-mucha-expectativa-trabajando-para-la-27a-edicion-de-la-coraliada\/","title":{"rendered":"\u201cEstamos con mucha expectativa trabajando para la 27\u00aa edici\u00f3n de la Coraliada\u201d"},"content":{"rendered":"<p><strong>As\u00ed palpit\u00f3 una nueva edici\u00f3n del Encuentro de Coros, el director del Coro Alta Mira, Roberto Goldar, quien fue entrevistado por el periodista Hugo Arroyo en \u201cVoces de la Ciudad\u201d.<\/strong><\/p>\n<p>\u201cEstamos con mucha expectativa trabajando para la 27\u00aa edici\u00f3n de la Coraliada, del jueves 5 al domingo 8 de octubre, nuestro coro cuenta con 18 integrantes que se est\u00e1n preparando y ensayando para hacer un gran encuentro y a su vez ya hay inscriptos coros de Buenos Aires, La Plata, Roque P\u00e9rez y Azul\u2026 ser\u00e1n siete coros m\u00e1s el de Alta Mira, ocho en total, que actuaremos durante ese fin de semana de octubre\u201d, anticip\u00f3 Goldar.<\/p>\n<p>El director del coro anfitri\u00f3n revel\u00f3 que los encuentros ser\u00e1n gratuitos y se solicitar\u00e1 un alimento no perecedero para colaborar con hogares y merenderos de la ciudad. \u201cEl d\u00eda del comienzo, el jueves 5 de octubre, el concierto de apertura ser\u00e1 en la Parroquia Nuestra Se\u00f1ora de Lourdes en calle 6 entre 83 y 85; el viernes habr\u00e1 dos conciertos simult\u00e1neos, ya que un coro cantar\u00e1 en el Teatro Municipal \u201cLuis Sandrini\u201d y otro en el teatro de la Sociedad Espa\u00f1ola; ambos gratuitos, no se cobra entrada pero solicitamos alimentos no perecederos para distintos hogares y merenderos de Necochea\u201d, inform\u00f3.<\/p>\n<p>En tanto, Goldar ampli\u00f3 que \u201cel s\u00e1bado a la ma\u00f1ana haremos la tradicional batucada por las calles del centro de la ciudad y por la noche el cierre en la Parroquia Santa Mar\u00eda del Carmen, donde cantar\u00e1n todos los coros juntos, tambi\u00e9n con entrada gratuita y la donaci\u00f3n de un alimento\u201d, acotando al respecto que \u201cdentro de toda la oferta musical, tenemos la oportunidad de poder colaborar con las instituciones que necesiten el apoyo\u201d.<\/p>\n<p>Teniendo en cuenta la proximidad de un nuevo encuentro coral, Goldar expres\u00f3 que \u201cle pedimos a la comunidad de Necochea que nos acompa\u00f1e como siempre\u201d, e incluso revel\u00f3 que \u201cel viernes 6 a la ma\u00f1ana habr\u00e1 conciertos de extensi\u00f3n en escuelas que no son del radio c\u00e9ntrico, sino para aquellas que no les es tan f\u00e1cil llegar a un concierto de coro o que no conocen mucho de la actividad de los coros, as\u00ed que esa tambi\u00e9n ser\u00e1 una parte linda del encuentro porque los coros se sienten bien de poder cantarle a los chicos y para los chicos es la posibilidad de ver algo distinto\u201d.<\/p>\n","protected":false},"excerpt":{"rendered":"<p>As\u00ed palpit\u00f3 una nueva edici\u00f3n del Encuentro de Coros, el director del Coro Alta Mira, Roberto Goldar, quien fue entrevistado por el periodista Hugo Arroyo en \u201cVoces de la Ciudad\u201d. \u201cEstamos con mucha expectativa trabajando para la 27\u00aa edici\u00f3n de la Coraliada, del jueves 5 al domingo 8 de octubre, nuestro coro cuenta con 18 [&hellip;]<\/p>\n","protected":false},"author":3,"featured_media":103715,"comment_status":"open","ping_status":"open","sticky":false,"template":"","format":"standard","meta":{"footnotes":""},"categories":[3],"tags":[],"class_list":["post-103714","post","type-post","status-publish","format-standard","has-post-thumbnail","category-masnoticias"],"_links":{"self":[{"href":"https:\/\/primicias2262.com\/noticias\/wp-json\/wp\/v2\/posts\/103714","targetHints":{"allow":["GET"]}}],"collection":[{"href":"https:\/\/primicias2262.com\/noticias\/wp-json\/wp\/v2\/posts"}],"about":[{"href":"https:\/\/primicias2262.com\/noticias\/wp-json\/wp\/v2\/types\/post"}],"author":[{"embeddable":true,"href":"https:\/\/primicias2262.com\/noticias\/wp-json\/wp\/v2\/users\/3"}],"replies":[{"embeddable":true,"href":"https:\/\/primicias2262.com\/noticias\/wp-json\/wp\/v2\/comments?post=103714"}],"version-history":[{"count":2,"href":"https:\/\/primicias2262.com\/noticias\/wp-json\/wp\/v2\/posts\/103714\/revisions"}],"predecessor-version":[{"id":103749,"href":"https:\/\/primicias2262.com\/noticias\/wp-json\/wp\/v2\/posts\/103714\/revisions\/103749"}],"wp:featuredmedia":[{"embeddable":true,"href":"https:\/\/primicias2262.com\/noticias\/wp-json\/wp\/v2\/media\/103715"}],"wp:attachment":[{"href":"https:\/\/primicias2262.com\/noticias\/wp-json\/wp\/v2\/media?parent=103714"}],"wp:term":[{"taxonomy":"category","embeddable":true,"href":"https:\/\/primicias2262.com\/noticias\/wp-json\/wp\/v2\/categories?post=103714"},{"taxonomy":"post_tag","embeddable":true,"href":"https:\/\/primicias2262.com\/noticias\/wp-json\/wp\/v2\/tags?post=103714"}],"curies":[{"name":"wp","href":"https:\/\/api.w.org\/{rel}","templated":true}]}}