{"id":103718,"date":"2023-09-20T11:56:27","date_gmt":"2023-09-20T11:56:27","guid":{"rendered":"https:\/\/primicias2262.com\/noticias\/?p=103718"},"modified":"2023-09-21T14:26:18","modified_gmt":"2023-09-21T14:26:18","slug":"nueva-prorroga-de-otro-ano-para-terminal-quequen-sociedad-anonima","status":"publish","type":"post","link":"https:\/\/primicias2262.com\/noticias\/nueva-prorroga-de-otro-ano-para-terminal-quequen-sociedad-anonima\/","title":{"rendered":"Nueva pr\u00f3rroga de otro a\u00f1o para Terminal Quequ\u00e9n Sociedad An\u00f3nima"},"content":{"rendered":"<p><strong>Le habr\u00eda sido informada a la empresa que explota los elevadores de granos de parte del Consorcio portuario local. Regir\u00eda la nueva desde el 1 de diciembre de 2023 hasta fines de noviembre de 2024. En ese nuevo lapso se llamar\u00eda a la pendiente licitaci\u00f3n.<\/strong><\/p>\n<p><strong>Por Jorge G\u00f3mez<\/strong><\/p>\n<p>Trascendi\u00f3 en las \u00faltimas horas que el Consorcio de Gesti\u00f3n del Puerto de Quequ\u00e9n volvi\u00f3 a prorrogar por un a\u00f1o, desde el 1 de diciembre de 2023 hasta fines de noviembre de 2024, a la empresa Terminal Quequ\u00e9n Sociedad An\u00f3nima el uso y explotaci\u00f3n de los elevadores que funcionan en nuestra estaci\u00f3n mar\u00edtima.<\/p>\n<p>La informaci\u00f3n fue confirmada por fuentes confiables portuarias locales, habiendo notificado a dicha empresa de la novedad surgida desde el ente portuario, instituci\u00f3n que a\u00fan analiza y estudia los alcances del llamado a licitaci\u00f3n que estaba anunciado para este a\u00f1o y que por decisiones que no se conocen no se ha producido.<\/p>\n<p>Trabajadores de Terminal Quequ\u00e9n tambi\u00e9n fueron puestos en conocimiento en esta jornada de martes de esta segunda pr\u00f3rroga, llevando tranquilidad a los agentes que prestan servicio en el lugar.<\/p>\n<p>EL CGPQ dio cuenta de la novedad a la empresa y esta habr\u00eda aceptado la aludida segunda pr\u00f3rroga, confiaron las voces consultadas.<\/p>\n<p>Frente a esta circunstancia se despejar\u00eda uno de los dos conflictos que mantienen algunos gremios de Puerto Quequ\u00e9n con el ente portuario.<\/p>\n<p>El restante, la designaci\u00f3n de un representante de la UATRE como director en el Consorcio en nombre de los trabajadores de Quequ\u00e9n, se mantiene en calidad de \u201cconflicto\u201d, habi\u00e9ndose anticipado que podr\u00edan retomarse medidas de fuerza a partir de la semana que viene, no solo en nuestra estaci\u00f3n mar\u00edtima sino en todos los puertos argentinos a instancias de la Federaci\u00f3n que nuclea a los afiliados al SUPA.<\/p>\n","protected":false},"excerpt":{"rendered":"<p>Le habr\u00eda sido informada a la empresa que explota los elevadores de granos de parte del Consorcio portuario local. Regir\u00eda la nueva desde el 1 de diciembre de 2023 hasta fines de noviembre de 2024. En ese nuevo lapso se llamar\u00eda a la pendiente licitaci\u00f3n. Por Jorge G\u00f3mez Trascendi\u00f3 en las \u00faltimas horas que el [&hellip;]<\/p>\n","protected":false},"author":3,"featured_media":103719,"comment_status":"open","ping_status":"open","sticky":false,"template":"","format":"standard","meta":{"footnotes":""},"categories":[3],"tags":[],"class_list":["post-103718","post","type-post","status-publish","format-standard","has-post-thumbnail","category-masnoticias"],"_links":{"self":[{"href":"https:\/\/primicias2262.com\/noticias\/wp-json\/wp\/v2\/posts\/103718","targetHints":{"allow":["GET"]}}],"collection":[{"href":"https:\/\/primicias2262.com\/noticias\/wp-json\/wp\/v2\/posts"}],"about":[{"href":"https:\/\/primicias2262.com\/noticias\/wp-json\/wp\/v2\/types\/post"}],"author":[{"embeddable":true,"href":"https:\/\/primicias2262.com\/noticias\/wp-json\/wp\/v2\/users\/3"}],"replies":[{"embeddable":true,"href":"https:\/\/primicias2262.com\/noticias\/wp-json\/wp\/v2\/comments?post=103718"}],"version-history":[{"count":2,"href":"https:\/\/primicias2262.com\/noticias\/wp-json\/wp\/v2\/posts\/103718\/revisions"}],"predecessor-version":[{"id":103753,"href":"https:\/\/primicias2262.com\/noticias\/wp-json\/wp\/v2\/posts\/103718\/revisions\/103753"}],"wp:featuredmedia":[{"embeddable":true,"href":"https:\/\/primicias2262.com\/noticias\/wp-json\/wp\/v2\/media\/103719"}],"wp:attachment":[{"href":"https:\/\/primicias2262.com\/noticias\/wp-json\/wp\/v2\/media?parent=103718"}],"wp:term":[{"taxonomy":"category","embeddable":true,"href":"https:\/\/primicias2262.com\/noticias\/wp-json\/wp\/v2\/categories?post=103718"},{"taxonomy":"post_tag","embeddable":true,"href":"https:\/\/primicias2262.com\/noticias\/wp-json\/wp\/v2\/tags?post=103718"}],"curies":[{"name":"wp","href":"https:\/\/api.w.org\/{rel}","templated":true}]}}