{"id":103737,"date":"2023-09-20T12:22:51","date_gmt":"2023-09-20T12:22:51","guid":{"rendered":"https:\/\/primicias2262.com\/noticias\/?p=103737"},"modified":"2023-09-21T17:53:12","modified_gmt":"2023-09-21T17:53:12","slug":"en-octubre-y-noviembre-habra-capacitaciones-sobre-redes-sociales-fotografia-y-marca","status":"publish","type":"post","link":"https:\/\/primicias2262.com\/noticias\/en-octubre-y-noviembre-habra-capacitaciones-sobre-redes-sociales-fotografia-y-marca\/","title":{"rendered":"En octubre y noviembre habr\u00e1 capacitaciones sobre redes sociales, fotograf\u00eda y marca"},"content":{"rendered":"<p><strong>La Direcci\u00f3n de Emprendimientos y Pymes organiz\u00f3 para los pr\u00f3ximos meses una serie de cursos dictados por expertos en distintas tem\u00e1ticas, buscando brindar nuevos conocimientos al ecosistema local. El ciclo de capacitaci\u00f3n es totalmente gratuito y las inscripciones ya est\u00e1n abiertas.<\/strong><\/p>\n<p>Con el \u00e9xito consumado de las anteriores ediciones y a pedido de quienes no tuvieron la oportunidad de participar, la Secretar\u00eda de Turismo y Desarrollo Productivo anunci\u00f3 la realizaci\u00f3n de un nuevo ciclo de los talleres que tienen como ejes centrales de capacitaci\u00f3n a las redes sociales, la fotograf\u00eda y la estrategia de marcas.<\/p>\n<div class=\"wp-block-media-text is-stacked-on-mobile is-vertically-aligned-top\">\n<div class=\"wp-block-media-text__content\">\n<p>Como siempre, gratuitos y abiertos a los emprendedores y las emprendedoras con inter\u00e9s en incorporar o reforzar conocimientos para impulsar sus negocios, los cursos estar\u00e1n divididos en tres secciones conformadas por cuatro encuentros te\u00f3rico\u00a0pr\u00e1cticos que tendr\u00e1n desarrollo en el Sal\u00f3n de Actos de la Municipalidad de Necochea y con la disertaci\u00f3n a cargo de reconocidos profesionales de nuestro medio.<\/p>\n<p>Al igual que en la realizaci\u00f3n preliminar, el primero en dictarse ser\u00e1 el de \u201cEstrategia de Marca y Redes Sociales\u201d, que se dar\u00e1 en las tardes del martes 10, el mi\u00e9rcoles 11, el martes 17 y el jueves 19 de octubre, en el horario de 18 a 20, y con la capacitaci\u00f3n del dise\u00f1ador gr\u00e1fico Ezequiel Herrada.<\/p>\n<p>Entre el temario de este curso se abordar\u00e1n los siguientes puntos: Estrategia de Marca, Generaci\u00f3n de valor, Estrategia de venta y Clientes, y Gesti\u00f3n de mis Redes Sociales; y los interesados ya pueden anotarse completando un formulario en\u00a0<a href=\"https:\/\/forms.gle\/7BRKH8Jsi49j6SSo7\">https:\/\/forms.gle\/7BRKH8Jsi49j6SSo7<\/a>.<\/p>\n<p>El segundo taller vendr\u00e1 de la mano del comunicador visual Lisandro Badie y se denominar\u00e1 \u201cFotograf\u00eda para Redes Sociales\u201d, con un programa que incluir\u00e1 estos \u00edtems: Mejor\u00e1 tu feed y comunic\u00e1 con la imagen, Fotografi\u00e1 tu producto usando tu celular, Nociones de encuadre, iluminaci\u00f3n y estilos fotogr\u00e1ficos, y Profesionaliz\u00e1 tu catalogo digital.<\/p>\n<\/div>\n<\/div>\n<p>Las jornadas de capacitaci\u00f3n de este curso ser\u00e1n el martes 31 de octubre y, en noviembre, el jueves 2, el martes 7 y el jueves 9, en igual horario que el anterior. Para inscribirse, ya est\u00e1 disponible el link\u00a0https:\/\/forms.gle\/d9TCLcUPJ7MAXH1L7.<\/p>\n<p>La \u00faltima formaci\u00f3n del ciclo ser\u00e1 la de \u201cCreaci\u00f3n de Contenido para Redes Sociales\u201d, a realizarse los martes 21 y 28 y los jueves 23 y 30 de noviembre, tambi\u00e9n de 18 a 20; pudiendo anotarse los interesados en\u00a0https:\/\/forms.gle\/Ptsezj5pG9wBA9q1A.<\/p>\n<p>La capacitadora, en esta oportunidad, ser\u00e1 la dise\u00f1adora y cocreadora de la marca \u201cHecho en Necochea\u201d, Estefan\u00eda Orcellet, y versar\u00e1 sobre: \u00bfPor d\u00f3nde empezar? El Plan de Comunicaci\u00f3n, Storytelling, Calendarizaci\u00f3n, Plantilla para la creaci\u00f3n de contenidos, Dise\u00f1o de campa\u00f1a, Virales y trends, y Herramientas digitales para programar publicaciones.<\/p>\n<p>La directora de Emprendimientos y Pymes de la Secretar\u00eda organizadora, Antonela Giglio, explic\u00f3 que los cursos \u201ctienen como objetivo seguir capacitando al ecosistema con herramientas valiosas en esta \u00e9poca en la que muchas de las principales acciones de un negocio se realizan online, a trav\u00e9s de las redes sociales\u201d.<\/p>\n<p>Y advirti\u00f3 que los cupos para cada uno de los talleres son limitados, por lo que llam\u00f3 a los interesados a inscribirse lo antes posible, destacando que en esta nueva edici\u00f3n se estar\u00e1n entregando los Certificados de Participaci\u00f3n en formato digital a aquellas personas que asistan a las cuatro clases del curso elegido.<\/p>\n","protected":false},"excerpt":{"rendered":"<p>La Direcci\u00f3n de Emprendimientos y Pymes organiz\u00f3 para los pr\u00f3ximos meses una serie de cursos dictados por expertos en distintas tem\u00e1ticas, buscando brindar nuevos conocimientos al ecosistema local. El ciclo de capacitaci\u00f3n es totalmente gratuito y las inscripciones ya est\u00e1n abiertas. Con el \u00e9xito consumado de las anteriores ediciones y a pedido de quienes no [&hellip;]<\/p>\n","protected":false},"author":3,"featured_media":103738,"comment_status":"open","ping_status":"open","sticky":false,"template":"","format":"standard","meta":{"footnotes":""},"categories":[3],"tags":[],"class_list":["post-103737","post","type-post","status-publish","format-standard","has-post-thumbnail","category-masnoticias"],"_links":{"self":[{"href":"https:\/\/primicias2262.com\/noticias\/wp-json\/wp\/v2\/posts\/103737","targetHints":{"allow":["GET"]}}],"collection":[{"href":"https:\/\/primicias2262.com\/noticias\/wp-json\/wp\/v2\/posts"}],"about":[{"href":"https:\/\/primicias2262.com\/noticias\/wp-json\/wp\/v2\/types\/post"}],"author":[{"embeddable":true,"href":"https:\/\/primicias2262.com\/noticias\/wp-json\/wp\/v2\/users\/3"}],"replies":[{"embeddable":true,"href":"https:\/\/primicias2262.com\/noticias\/wp-json\/wp\/v2\/comments?post=103737"}],"version-history":[{"count":2,"href":"https:\/\/primicias2262.com\/noticias\/wp-json\/wp\/v2\/posts\/103737\/revisions"}],"predecessor-version":[{"id":103758,"href":"https:\/\/primicias2262.com\/noticias\/wp-json\/wp\/v2\/posts\/103737\/revisions\/103758"}],"wp:featuredmedia":[{"embeddable":true,"href":"https:\/\/primicias2262.com\/noticias\/wp-json\/wp\/v2\/media\/103738"}],"wp:attachment":[{"href":"https:\/\/primicias2262.com\/noticias\/wp-json\/wp\/v2\/media?parent=103737"}],"wp:term":[{"taxonomy":"category","embeddable":true,"href":"https:\/\/primicias2262.com\/noticias\/wp-json\/wp\/v2\/categories?post=103737"},{"taxonomy":"post_tag","embeddable":true,"href":"https:\/\/primicias2262.com\/noticias\/wp-json\/wp\/v2\/tags?post=103737"}],"curies":[{"name":"wp","href":"https:\/\/api.w.org\/{rel}","templated":true}]}}