{"id":103741,"date":"2023-09-20T18:04:48","date_gmt":"2023-09-20T18:04:48","guid":{"rendered":"https:\/\/primicias2262.com\/noticias\/?p=103741"},"modified":"2023-09-21T18:06:33","modified_gmt":"2023-09-21T18:06:33","slug":"entrega-de-notebooks-es-lamentable-e-inadmisible-que-se-utilicen-a-las-escuelas-y-los-alumnos-para-hacer-campana-politica","status":"publish","type":"post","link":"https:\/\/primicias2262.com\/noticias\/entrega-de-notebooks-es-lamentable-e-inadmisible-que-se-utilicen-a-las-escuelas-y-los-alumnos-para-hacer-campana-politica\/","title":{"rendered":"Entrega de notebooks: \u201cEs lamentable e inadmisible que se utilicen a las escuelas y los alumnos para hacer campa\u00f1a pol\u00edtica\u201d"},"content":{"rendered":"<p><strong>As\u00ed lo recalc\u00f3 la concejal de la Uni\u00f3n C\u00edvica Radical, Felicitas Cabret\u00f3n, criticando abiertamente la acci\u00f3n llevada a cabo por el candidato a intendente de Uni\u00f3n por la Patria, Marcelo Rivero.<\/strong><\/p>\n<p>Ante la consulta del periodista Hugo Arroyo en \u201cVoces de la Ciudad\u201d, la referente de la Agrupaci\u00f3n \u201cElvira Rawson\u201d se explay\u00f3 acerca del comunicado de la UCR local y se\u00f1alo que \u201cqueremos manifestar concretamente lo inadmisible que es que se utilicen a las escuelas, los alumnos y los j\u00f3venes para hacer campa\u00f1a pol\u00edtica, y tiene que ver con el acto de campa\u00f1a que hizo el candidato de Uni\u00f3n por la Patria (Marcelo Rivero) entregando notebooks a los j\u00f3venes\u201d.<\/p>\n<p>Prosigui\u00f3 que \u201ces lamentable, m\u00e1s a\u00fan luego de haber transitado estas \u00faltimas PASO y teniendo los resultados electorales que hemos tenido\u2026 que quienes son dirigentes pol\u00edticos, candidatos y precandidatos no hayan logrado interpretar lo que dijeron las urnas el 13 de agosto pasado es lamentable, porque los j\u00f3venes que concurrieron a recibir su notebook, que seguramente una gran mayor\u00eda vot\u00f3, ya no creen m\u00e1s a consecuencias de estas cosas en la pol\u00edtica\u201d.<\/p>\n<p>Acot\u00f3 incluso que \u201cesto hace que la gente cada vez est\u00e9 m\u00e1s descontenta con la pol\u00edtica y es donde hay que poner el foco y estar alerta, pero parece que algunos\u00a0 no han podido interpretar lo que la gente quiso expresar en las elecciones PASO\u201d.<\/p>\n<p>En tanto, cuando se le sugiri\u00f3 que la jefa Distrital de Educaci\u00f3n Elsa Guillermo, hab\u00eda realizado observaciones al respecto durante el acto mismo de la entrega, Cabret\u00f3n enfatiz\u00f3 que \u201clas observaciones ya no alcanzan en esto, sino que hay que evitar estas cosas, no pueden pasar porque es vergonzoso\u201d.<\/p>\n","protected":false},"excerpt":{"rendered":"<p>As\u00ed lo recalc\u00f3 la concejal de la Uni\u00f3n C\u00edvica Radical, Felicitas Cabret\u00f3n, criticando abiertamente la acci\u00f3n llevada a cabo por el candidato a intendente de Uni\u00f3n por la Patria, Marcelo Rivero. Ante la consulta del periodista Hugo Arroyo en \u201cVoces de la Ciudad\u201d, la referente de la Agrupaci\u00f3n \u201cElvira Rawson\u201d se explay\u00f3 acerca del comunicado [&hellip;]<\/p>\n","protected":false},"author":3,"featured_media":101425,"comment_status":"open","ping_status":"open","sticky":false,"template":"","format":"standard","meta":{"footnotes":""},"categories":[3],"tags":[],"class_list":["post-103741","post","type-post","status-publish","format-standard","has-post-thumbnail","category-masnoticias"],"_links":{"self":[{"href":"https:\/\/primicias2262.com\/noticias\/wp-json\/wp\/v2\/posts\/103741","targetHints":{"allow":["GET"]}}],"collection":[{"href":"https:\/\/primicias2262.com\/noticias\/wp-json\/wp\/v2\/posts"}],"about":[{"href":"https:\/\/primicias2262.com\/noticias\/wp-json\/wp\/v2\/types\/post"}],"author":[{"embeddable":true,"href":"https:\/\/primicias2262.com\/noticias\/wp-json\/wp\/v2\/users\/3"}],"replies":[{"embeddable":true,"href":"https:\/\/primicias2262.com\/noticias\/wp-json\/wp\/v2\/comments?post=103741"}],"version-history":[{"count":1,"href":"https:\/\/primicias2262.com\/noticias\/wp-json\/wp\/v2\/posts\/103741\/revisions"}],"predecessor-version":[{"id":103742,"href":"https:\/\/primicias2262.com\/noticias\/wp-json\/wp\/v2\/posts\/103741\/revisions\/103742"}],"wp:featuredmedia":[{"embeddable":true,"href":"https:\/\/primicias2262.com\/noticias\/wp-json\/wp\/v2\/media\/101425"}],"wp:attachment":[{"href":"https:\/\/primicias2262.com\/noticias\/wp-json\/wp\/v2\/media?parent=103741"}],"wp:term":[{"taxonomy":"category","embeddable":true,"href":"https:\/\/primicias2262.com\/noticias\/wp-json\/wp\/v2\/categories?post=103741"},{"taxonomy":"post_tag","embeddable":true,"href":"https:\/\/primicias2262.com\/noticias\/wp-json\/wp\/v2\/tags?post=103741"}],"curies":[{"name":"wp","href":"https:\/\/api.w.org\/{rel}","templated":true}]}}