{"id":103750,"date":"2023-09-21T14:25:47","date_gmt":"2023-09-21T14:25:47","guid":{"rendered":"https:\/\/primicias2262.com\/noticias\/?p=103750"},"modified":"2023-09-22T18:03:56","modified_gmt":"2023-09-22T18:03:56","slug":"los-guardavidas-comienzan-a-planificar-la-temporada-2023-24","status":"publish","type":"post","link":"https:\/\/primicias2262.com\/noticias\/los-guardavidas-comienzan-a-planificar-la-temporada-2023-24\/","title":{"rendered":"Los guardavidas comienzan a planificar la temporada 2023\/24"},"content":{"rendered":"<p><strong>El secretario de la Asociaci\u00f3n de Guardavidas Necochea Quequ\u00e9n, Pablo Su\u00e1rez, visit\u00f3 los estudios de \u201cVoces de la Ciudad\u201d y en di\u00e1logo con Hugo Arroyo destac\u00f3 que ya iniciaron las charlas con el municipio para lo que ser\u00e1 el despliegue del servicio en la temporada estival.<\/strong><\/p>\n<p>De cara a la temporada 2023\/24 \u201cya desde los \u00faltimos d\u00edas de agosto hemos comenzado a charlar con el secretario de Gobierno Jorge Mart\u00ednez y tuvimos una reuni\u00f3n esta semana para poner fecha para el inicio de la temporada, que venimos solicitando hace unos a\u00f1os que sea en noviembre para que no se estire tanto en abril, ya que con la cercan\u00eda de los d\u00edas de altas temperatura la gente empieza a bajar con muchas m\u00e1s ganas a la playa\u201d, destac\u00f3 Su\u00e1rez inicialmente.<\/p>\n<p>El titular de la AGNQ argument\u00f3 que incluso en noviembre \u201cse hacen cierres de actividades escolares o acciones de diferentes disciplinas deportivas que en la playa y por eso creemos que es importante que haya cobertura de guardavidas desde los primeros d\u00edas\u00a0 de ese mes hasta inicios de abril\u201d.<\/p>\n<p>Respecto a elementos de trabajo valor\u00f3 que \u201cel a\u00f1o pasado se compraron gran cantidad de elementos de flotabilidad, \u00a0torpedos, sunchos y radios de comunicaci\u00f3n; hubo tres camionetas habilitadas para el traslado de v\u00edctimas y ahora estamos avanzados en la gesti\u00f3n de m\u00e1s embarcaciones acu\u00e1ticas\u201d.<\/p>\n<p>En lo concerniente a la aptitud para brindar el servicio, Su\u00e1rez adelant\u00f3 que \u201cestamos gestionando la rev\u00e1lida, que es la prueba anual de suficiencia que nos permite dar el apto para poder trabajar durante toda la temporada, y por eso estamos en contacto con guardavidas de provincia para tener dos fechas de rev\u00e1lida, de las cuales la primera ser\u00e1 en octubre\u201d.<\/p>\n<p>Acerca de la amplitud de las playas y la disposici\u00f3n de personal para coberturas, coment\u00f3 que \u201cse ha ampliado de forma importante el plantel de guardavidas, el a\u00f1o pasado terminamos siendo 135 guardavidas municipales que se suman a los 80 guardavidas privados que dependen de las concesiones privadas de los balnearios, y nosotros lo que observamos desde hace algunos a\u00f1os es que la playa se ha ampliado de manera alarmante, hay lugares y zonas que hasta hace a\u00f1os parec\u00edan lejanas para que la gente pudiera acercarse y hoy son de muy f\u00e1cil acceso, y por eso es necesario ir ampliando el servicio abriendo lugares nuevos\u201d.<\/p>\n<p>En ese sentido, marc\u00f3 finalmente la importancia que significar\u00eda municipalizar a todo el personal. \u00abEn Mar del Plata hace dos a\u00f1os se municipaliz\u00f3 todo el servicio de guardavidas y alrededor de 250 guardavidas privados pasaron a las \u00f3rbitas municipales, y creemos que es el inicio de una nueva cobertura, es importante porque har\u00eda todo a un mismo operativo, y si bien no hemos hablado para esta temporada creo que es importante ir conversando al respecto, ya que pertenecer a la Municipalidad creemos que es el mejor organigrama que puede haber para el servicio\u201d, reconoci\u00f3.<\/p>\n","protected":false},"excerpt":{"rendered":"<p>El secretario de la Asociaci\u00f3n de Guardavidas Necochea Quequ\u00e9n, Pablo Su\u00e1rez, visit\u00f3 los estudios de \u201cVoces de la Ciudad\u201d y en di\u00e1logo con Hugo Arroyo destac\u00f3 que ya iniciaron las charlas con el municipio para lo que ser\u00e1 el despliegue del servicio en la temporada estival. De cara a la temporada 2023\/24 \u201cya desde los [&hellip;]<\/p>\n","protected":false},"author":3,"featured_media":103751,"comment_status":"open","ping_status":"open","sticky":false,"template":"","format":"standard","meta":{"footnotes":""},"categories":[3],"tags":[],"class_list":["post-103750","post","type-post","status-publish","format-standard","has-post-thumbnail","category-masnoticias"],"_links":{"self":[{"href":"https:\/\/primicias2262.com\/noticias\/wp-json\/wp\/v2\/posts\/103750","targetHints":{"allow":["GET"]}}],"collection":[{"href":"https:\/\/primicias2262.com\/noticias\/wp-json\/wp\/v2\/posts"}],"about":[{"href":"https:\/\/primicias2262.com\/noticias\/wp-json\/wp\/v2\/types\/post"}],"author":[{"embeddable":true,"href":"https:\/\/primicias2262.com\/noticias\/wp-json\/wp\/v2\/users\/3"}],"replies":[{"embeddable":true,"href":"https:\/\/primicias2262.com\/noticias\/wp-json\/wp\/v2\/comments?post=103750"}],"version-history":[{"count":1,"href":"https:\/\/primicias2262.com\/noticias\/wp-json\/wp\/v2\/posts\/103750\/revisions"}],"predecessor-version":[{"id":103752,"href":"https:\/\/primicias2262.com\/noticias\/wp-json\/wp\/v2\/posts\/103750\/revisions\/103752"}],"wp:featuredmedia":[{"embeddable":true,"href":"https:\/\/primicias2262.com\/noticias\/wp-json\/wp\/v2\/media\/103751"}],"wp:attachment":[{"href":"https:\/\/primicias2262.com\/noticias\/wp-json\/wp\/v2\/media?parent=103750"}],"wp:term":[{"taxonomy":"category","embeddable":true,"href":"https:\/\/primicias2262.com\/noticias\/wp-json\/wp\/v2\/categories?post=103750"},{"taxonomy":"post_tag","embeddable":true,"href":"https:\/\/primicias2262.com\/noticias\/wp-json\/wp\/v2\/tags?post=103750"}],"curies":[{"name":"wp","href":"https:\/\/api.w.org\/{rel}","templated":true}]}}