{"id":103754,"date":"2023-09-21T17:52:53","date_gmt":"2023-09-21T17:52:53","guid":{"rendered":"https:\/\/primicias2262.com\/noticias\/?p=103754"},"modified":"2023-09-22T15:52:00","modified_gmt":"2023-09-22T15:52:00","slug":"se-definio-ampliar-el-taraborelli-para-que-pase-a-ser-un-hospital-polivalente-de-segundo-nivel-de-atencion-zonal-y-regional","status":"publish","type":"post","link":"https:\/\/primicias2262.com\/noticias\/se-definio-ampliar-el-taraborelli-para-que-pase-a-ser-un-hospital-polivalente-de-segundo-nivel-de-atencion-zonal-y-regional\/","title":{"rendered":"\u201cSe defini\u00f3 ampliar el \u2018Taraborelli\u2019 para que pase a ser un hospital polivalente de segundo nivel de atenci\u00f3n zonal y regional\u201d"},"content":{"rendered":"<p><strong>As\u00ed lo detall\u00f3 en \u201cVoces de la Ciudad\u201d el director provincial de Hospitales del Ministerio de Salud de la Provincia, Juan Sebasti\u00e1n Riera, en relaci\u00f3n al anuncio hecho por el gobierno de Buenos Aires en relaci\u00f3n a la reconversi\u00f3n del neuropsiqui\u00e1trico de calle 49 entre 42 y 44.<\/strong><\/p>\n<p>Ante la consulta del periodista Hugo Arroyo, el funcionario provincial ratific\u00f3 que \u201ctal cual lo plante\u00f3 el gobernador Axel Kicilloff junto al ministro Nicol\u00e1s Kreplak se trata de una pol\u00edtica de fortalecimiento de la costa atl\u00e1ntica, en este caso particular de los efectores de salud, y lo que se anunci\u00f3 fue la construcci\u00f3n de efectores de salud, la ampliaci\u00f3n de algunos y la reconversi\u00f3n de otros\u201d.<\/p>\n<p>En el caso puntual de Necochea, \u00a0que es sujeto de este polo al formar parte de la Regi\u00f3n Sanitaria 8va, Riera habl\u00f3 de una reconversi\u00f3n del Hospital Taraborelli, que \u201csi bien es de salud mental, ya se viene trabajando fuertemente en un proceso de desmanicomializaci\u00f3n, con dispositivos de internaci\u00f3n y ya con una estructura edilicia que est\u00e1 cumpliendo otras funciones, por lo que se defini\u00f3 que se realice una intervenci\u00f3n de infraestructura para ampliarlo\u201d.<\/p>\n<p>Por consiguiente, el director de Hospitales puntualiz\u00f3 que \u201cse busca que esta instituci\u00f3n pase a ser un hospital polivalente de segundo nivel de atenci\u00f3n zonal y regional para que pueda absorber no solo demandas de Necochea y Quequ\u00e9n, sino de la regi\u00f3n, en articulaci\u00f3n con los efectores territoriales, el Hospital Irurzun y el Ferreyra, y tambi\u00e9n como parte de la red de los hospitales p\u00fablicos provinciales de Mar del Plata\u201d.<\/p>\n<p><a href=\"https:\/\/primicias2262.com\/noticias\/wp-content\/uploads\/2023\/09\/juan-riera2.jpg\"><img loading=\"lazy\" decoding=\"async\" class=\"aligncenter size-full wp-image-103756\" src=\"https:\/\/primicias2262.com\/noticias\/wp-content\/uploads\/2023\/09\/juan-riera2.jpg\" alt=\"\" width=\"510\" height=\"245\" srcset=\"https:\/\/primicias2262.com\/noticias\/wp-content\/uploads\/2023\/09\/juan-riera2.jpg 510w, https:\/\/primicias2262.com\/noticias\/wp-content\/uploads\/2023\/09\/juan-riera2-300x144.jpg 300w, https:\/\/primicias2262.com\/noticias\/wp-content\/uploads\/2023\/09\/juan-riera2-150x72.jpg 150w\" sizes=\"auto, (max-width: 510px) 100vw, 510px\" \/><\/a>Asimismo, se\u00f1al\u00f3 que \u201ctambi\u00e9n la Provincia lleva a cabo un plan de reforma del modelo de atenci\u00f3n, donde los hospitales polivalentes no van a ser por especialidades, sino por niveles de cuidado, o sea que el Taraborelli va a ser un hospital que tenga cuidados m\u00ednimos, cuidados intermedios y cuidados cr\u00edticos en articulaci\u00f3n con el Ferreyra, que tiene camas de cuidados cr\u00edticos, y a su vez tendr\u00e1 su guardia interna, sus consultorios externos, su laboratorio, su servicio de diagn\u00f3stico por im\u00e1genes y ser\u00e1 un hospital que va a aumentar el n\u00famero de camas que tiene Necochea y la regi\u00f3n, y le permitir\u00e1 a Necochea tener un hospital polivalente provincial que le permite una integraci\u00f3n m\u00e1s efectiva a la red provincial de hospitales\u201d.<\/p>\n<p>En cuanto al criterio de fortalecer esta red sanitaria, Riera argument\u00f3 que \u201cla estacionalidad ha cambiado y la costa atl\u00e1ntica es muy elegida para vivir, a tal punto que muchas personas pueden trabajar de forma remota y la visita no es solamente en el periodo estival, entonces los servicios que ofrezca la salud tienen que ir de la mano con esos h\u00e1bitos que va adquiriendo la comunidad\u201d.<\/p>\n","protected":false},"excerpt":{"rendered":"<p>As\u00ed lo detall\u00f3 en \u201cVoces de la Ciudad\u201d el director provincial de Hospitales del Ministerio de Salud de la Provincia, Juan Sebasti\u00e1n Riera, en relaci\u00f3n al anuncio hecho por el gobierno de Buenos Aires en relaci\u00f3n a la reconversi\u00f3n del neuropsiqui\u00e1trico de calle 49 entre 42 y 44. Ante la consulta del periodista Hugo Arroyo, [&hellip;]<\/p>\n","protected":false},"author":3,"featured_media":103755,"comment_status":"open","ping_status":"open","sticky":false,"template":"","format":"standard","meta":{"footnotes":""},"categories":[3],"tags":[],"class_list":["post-103754","post","type-post","status-publish","format-standard","has-post-thumbnail","category-masnoticias"],"_links":{"self":[{"href":"https:\/\/primicias2262.com\/noticias\/wp-json\/wp\/v2\/posts\/103754","targetHints":{"allow":["GET"]}}],"collection":[{"href":"https:\/\/primicias2262.com\/noticias\/wp-json\/wp\/v2\/posts"}],"about":[{"href":"https:\/\/primicias2262.com\/noticias\/wp-json\/wp\/v2\/types\/post"}],"author":[{"embeddable":true,"href":"https:\/\/primicias2262.com\/noticias\/wp-json\/wp\/v2\/users\/3"}],"replies":[{"embeddable":true,"href":"https:\/\/primicias2262.com\/noticias\/wp-json\/wp\/v2\/comments?post=103754"}],"version-history":[{"count":2,"href":"https:\/\/primicias2262.com\/noticias\/wp-json\/wp\/v2\/posts\/103754\/revisions"}],"predecessor-version":[{"id":103768,"href":"https:\/\/primicias2262.com\/noticias\/wp-json\/wp\/v2\/posts\/103754\/revisions\/103768"}],"wp:featuredmedia":[{"embeddable":true,"href":"https:\/\/primicias2262.com\/noticias\/wp-json\/wp\/v2\/media\/103755"}],"wp:attachment":[{"href":"https:\/\/primicias2262.com\/noticias\/wp-json\/wp\/v2\/media?parent=103754"}],"wp:term":[{"taxonomy":"category","embeddable":true,"href":"https:\/\/primicias2262.com\/noticias\/wp-json\/wp\/v2\/categories?post=103754"},{"taxonomy":"post_tag","embeddable":true,"href":"https:\/\/primicias2262.com\/noticias\/wp-json\/wp\/v2\/tags?post=103754"}],"curies":[{"name":"wp","href":"https:\/\/api.w.org\/{rel}","templated":true}]}}