{"id":103759,"date":"2023-09-22T09:51:39","date_gmt":"2023-09-22T09:51:39","guid":{"rendered":"https:\/\/primicias2262.com\/noticias\/?p=103759"},"modified":"2023-09-22T15:53:37","modified_gmt":"2023-09-22T15:53:37","slug":"galeria-central-estamos-trabajando-fuerte-para-tratar-de-levantar-este-icono-de-la-ciudad","status":"publish","type":"post","link":"https:\/\/primicias2262.com\/noticias\/galeria-central-estamos-trabajando-fuerte-para-tratar-de-levantar-este-icono-de-la-ciudad\/","title":{"rendered":"Galer\u00eda Central: \u201cEstamos trabajando fuerte para tratar de levantar este \u00edcono de la ciudad\u201d"},"content":{"rendered":"<p><strong>El administrador del Consorcio de la Galer\u00eda Central, el contador Cristian Jensen Menna, se mostr\u00f3 entusiasmado en \u201cVoces de la Ciudad\u201d por el proceso de recuperaci\u00f3n de la Galer\u00eda Central que se lleva adelante pos incendio y manifest\u00f3 que \u201cestamos trabajando fuerte para tratar de levantar este \u00edcono de la ciudad, no solo como responsable de la administraci\u00f3n, sino ya como un necochense m\u00e1s\u201d.<\/strong><\/p>\n<p>En di\u00e1logo telef\u00f3nico con el periodista Hugo Arroyo, Jensen Menna ofreci\u00f3 un panorama actual de la Galer\u00eda, apuntando que \u201chay cuatro estructuras diferentes, tres son las torres habitacionales A, B y C, que no se vieron afectadas por el calor, sino por el humo, pero sin mayores riesgos; hay un cuarto lugar que es el patio que da a la 66 y la parte m\u00e1s afectada que es el centro de la galer\u00eda, la parte m\u00e1s emblem\u00e1tica y linda de la que todav\u00eda no se ha hecho el estudio pertinente y no sabemos en cu\u00e1nto se afect\u00f3 la estructura de las columnas del sector, que son independientes del resto\u201d.<\/p>\n<p>Sobre esto \u00faltimo, sum\u00f3 que \u201cpara la parte estructural estamos esperando por estas horas que la Universidad de Olavarr\u00eda nos pase un presupuesto de los gastos necesarios para hacer un estudio, que lo llevar\u00e1 adelante el ing. Gustavo Pardal junto con el apoyo de dicha universidad, y a partir de ah\u00ed tendremos el panorama exacto de cu\u00e1nto afect\u00f3 el calor a las columnas\u201d.<\/p>\n<p>En cuanto a las instalaciones restantes, Jensen Menna repas\u00f3 que \u201cla parte el\u00e9ctrica del sector m\u00e1s afectado fue altamente afectada, hubo cables derretidos por el calor, como as\u00ed ca\u00f1os pluviales, por eso en la gran lluvia que hubo en los \u00faltimos d\u00edas se entr\u00f3 mucha agua, pero ya lo encaramos y est\u00e1 solucionado\u201d.<\/p>\n<p>Respecto a la parte comercial, destac\u00f3 que \u201cse est\u00e1 avanzando muy r\u00e1pidamente y en principio lo que se est\u00e1 hablando con la Municipalidad es la posibilidad de habilitar la parte de la galer\u00eda que, mirado desde la parte de abajo es la salida de la Galer\u00eda Cocega hacia la calle 66, de lo que ser\u00eda el antiguo negocio de Stilo hacia la 66, y en la parte de arriba que tambi\u00e9n hay locales, un poquito menos porque ah\u00ed entr\u00f3 bastante el humo e hizo da\u00f1o, as\u00ed que ser\u00eda a la altura de la escalera que va al auditoruim de la radio hasta la 66\u201d.<\/p>\n<p>Asimismo, record\u00f3 que \u201ctambi\u00e9n esperando el informe de seguridad e higiene, ya que m\u00e1s all\u00e1 de lo que se ve a simple vista a\u00fan resta lo que est\u00e1 flotando en el aire, esas part\u00edculas que son nocivas para la salud humana, por eso hay que avanzar en una limpieza, hidrolavar todo y esperar este informe\u201d.<\/p>\n<p>Finalmente, en cuanto al financiamiento econ\u00f3mico, el flamante administrador se\u00f1al\u00f3 que \u201cnos encontramos con una galer\u00eda que ya estaba muy complicada financieramente previo a todo esto, pero hemos ido recibiendo mucha ayuda, en su momento se hizo el corredor seguro gracias al \u201cCholo\u201d Servat de Containers Necochea, que nos dio una mano muy grande, y hoy los comerciantes est\u00e1n organizados y est\u00e1n recibiendo realmente mucha ayuda para poder pintar cuando se pueda ingresar\u201d.<\/p>\n<p><a href=\"https:\/\/primicias2262.com\/noticias\/wp-content\/uploads\/2023\/09\/container-galeria-central.jpeg\"><img loading=\"lazy\" decoding=\"async\" class=\"aligncenter size-full wp-image-103330\" src=\"https:\/\/primicias2262.com\/noticias\/wp-content\/uploads\/2023\/09\/container-galeria-central.jpeg\" alt=\"\" width=\"1024\" height=\"473\" srcset=\"https:\/\/primicias2262.com\/noticias\/wp-content\/uploads\/2023\/09\/container-galeria-central.jpeg 1024w, https:\/\/primicias2262.com\/noticias\/wp-content\/uploads\/2023\/09\/container-galeria-central-300x139.jpeg 300w, https:\/\/primicias2262.com\/noticias\/wp-content\/uploads\/2023\/09\/container-galeria-central-768x355.jpeg 768w, https:\/\/primicias2262.com\/noticias\/wp-content\/uploads\/2023\/09\/container-galeria-central-150x69.jpeg 150w, https:\/\/primicias2262.com\/noticias\/wp-content\/uploads\/2023\/09\/container-galeria-central-696x321.jpeg 696w\" sizes=\"auto, (max-width: 1024px) 100vw, 1024px\" \/><\/a>A su vez, \u201cLa Municipalidad aport\u00f3 andamios para llegar a la parte m\u00e1s alta y ha estado en todo momento colaborando y aportando ideas de soluciones para este momento tan cr\u00edtico\u201d, destac\u00f3, para valorar al cierre que \u201cse ve una movilizaci\u00f3n de mucha parte de la sociedad que ve la importancia que tiene para todos los necochenses la Galer\u00eda Central, m\u00e1s all\u00e1 de que es una cuesti\u00f3n privada, hace al inter\u00e9s p\u00fablico\u201d.<\/p>\n","protected":false},"excerpt":{"rendered":"<p>El administrador del Consorcio de la Galer\u00eda Central, el contador Cristian Jensen Menna, se mostr\u00f3 entusiasmado en \u201cVoces de la Ciudad\u201d por el proceso de recuperaci\u00f3n de la Galer\u00eda Central que se lleva adelante pos incendio y manifest\u00f3 que \u201cestamos trabajando fuerte para tratar de levantar este \u00edcono de la ciudad, no solo como responsable [&hellip;]<\/p>\n","protected":false},"author":3,"featured_media":103760,"comment_status":"open","ping_status":"open","sticky":false,"template":"","format":"standard","meta":{"footnotes":""},"categories":[6],"tags":[],"class_list":{"0":"post-103759","1":"post","2":"type-post","3":"status-publish","4":"format-standard","5":"has-post-thumbnail","7":"category-portada2"},"_links":{"self":[{"href":"https:\/\/primicias2262.com\/noticias\/wp-json\/wp\/v2\/posts\/103759","targetHints":{"allow":["GET"]}}],"collection":[{"href":"https:\/\/primicias2262.com\/noticias\/wp-json\/wp\/v2\/posts"}],"about":[{"href":"https:\/\/primicias2262.com\/noticias\/wp-json\/wp\/v2\/types\/post"}],"author":[{"embeddable":true,"href":"https:\/\/primicias2262.com\/noticias\/wp-json\/wp\/v2\/users\/3"}],"replies":[{"embeddable":true,"href":"https:\/\/primicias2262.com\/noticias\/wp-json\/wp\/v2\/comments?post=103759"}],"version-history":[{"count":1,"href":"https:\/\/primicias2262.com\/noticias\/wp-json\/wp\/v2\/posts\/103759\/revisions"}],"predecessor-version":[{"id":103761,"href":"https:\/\/primicias2262.com\/noticias\/wp-json\/wp\/v2\/posts\/103759\/revisions\/103761"}],"wp:featuredmedia":[{"embeddable":true,"href":"https:\/\/primicias2262.com\/noticias\/wp-json\/wp\/v2\/media\/103760"}],"wp:attachment":[{"href":"https:\/\/primicias2262.com\/noticias\/wp-json\/wp\/v2\/media?parent=103759"}],"wp:term":[{"taxonomy":"category","embeddable":true,"href":"https:\/\/primicias2262.com\/noticias\/wp-json\/wp\/v2\/categories?post=103759"},{"taxonomy":"post_tag","embeddable":true,"href":"https:\/\/primicias2262.com\/noticias\/wp-json\/wp\/v2\/tags?post=103759"}],"curies":[{"name":"wp","href":"https:\/\/api.w.org\/{rel}","templated":true}]}}