{"id":103762,"date":"2023-09-21T18:06:22","date_gmt":"2023-09-21T18:06:22","guid":{"rendered":"https:\/\/primicias2262.com\/noticias\/?p=103762"},"modified":"2023-09-25T18:08:12","modified_gmt":"2023-09-25T18:08:12","slug":"las-charlas-para-principiantes-se-dictaran-tambien-en-secundarias-del-interior-del-distrito","status":"publish","type":"post","link":"https:\/\/primicias2262.com\/noticias\/las-charlas-para-principiantes-se-dictaran-tambien-en-secundarias-del-interior-del-distrito\/","title":{"rendered":"Las charlas para principiantes se dictar\u00e1n tambi\u00e9n en secundarias del interior del distrito"},"content":{"rendered":"<p><strong>La semana venidera el curso previo a la obtenci\u00f3n de la licencia de conducir se dictar\u00e1 de forma itinerante para los alumnos de las distintas localidades.<\/strong><\/p>\n<p>En el marco de las charlas para principiantes que realiza la Municipalidad para aquellas personas que quieran obtener su licencia de conducir, y que recientemente empezaron a dirigirse a estudiantes secundarios, se anuncia que la semana venidera se estar\u00e1 acercando el operativo de manera itinerante a las localidades del interior.<\/p>\n<p>En tal sentido, el director General de Control Urbano, Juan Laportilla, adelant\u00f3 que estar\u00e1n del 25 al 27 con estas charlas de principiantes en las escuelas secundarias del interior. El lunes 25 ser\u00e1 en Energ\u00eda y Ram\u00f3n Santamarina; el martes 26 en La Dulce y el mi\u00e9rcoles 27 en Claraz.<\/p>\n<p>Habiendo comenzado con esta experiencia en el corriente mes en la Escuela de Educaci\u00f3n Secundaria N\u00ba 2 de Necochea, Laportilla argument\u00f3 que \u201cla idea principal fue acercarnos a los colegios en el marco de unas charlas obligatorias que necesitan las personas para pedir por primera vez su licencia de conducir, y hemos notado que los j\u00f3venes en la edad de entre quinto y sexto a\u00f1o, cuando dictamos esta charla en el Sal\u00f3n (de Actos) municipal, est\u00e1n cursando o en extracurriculares, y no pod\u00edan asistir\u201d.<\/p>\n<p>Por consiguiente, la idea es coordinar con todos los colegios en ese nivel y as\u00ed poder llegar con el curso. \u201cLo bueno de todo esto es que los chicos ya van a tener el certificado que se emite al finalizar la charla, que es el que solicita la Agencia Nacional de Seguridad Vial\u201d, asegur\u00f3, para destacar la coordinaci\u00f3n llevada adelante con las delegaciones del interior del distrito para llevar la capacitaci\u00f3n a cada localidad.<\/p>\n<p>En este contexto, el funcionario no dej\u00f3 de recalcar que \u201cgeneralmente todas las personas participan de la charla por la web de la p\u00e1gina oficial de la Agencia\u201d, en cambio el municipio de Necochea, implementando una pol\u00edtica de Estado que impulsa la educaci\u00f3n y la seguridad vial, es \u201cuno de los pocos en la Provincia de Buenos Aires que brinda esta charla de forma presencial\u201d.<\/p>\n","protected":false},"excerpt":{"rendered":"<p>La semana venidera el curso previo a la obtenci\u00f3n de la licencia de conducir se dictar\u00e1 de forma itinerante para los alumnos de las distintas localidades. En el marco de las charlas para principiantes que realiza la Municipalidad para aquellas personas que quieran obtener su licencia de conducir, y que recientemente empezaron a dirigirse a [&hellip;]<\/p>\n","protected":false},"author":3,"featured_media":103763,"comment_status":"open","ping_status":"open","sticky":false,"template":"","format":"standard","meta":{"footnotes":""},"categories":[3],"tags":[],"class_list":["post-103762","post","type-post","status-publish","format-standard","has-post-thumbnail","category-masnoticias"],"_links":{"self":[{"href":"https:\/\/primicias2262.com\/noticias\/wp-json\/wp\/v2\/posts\/103762","targetHints":{"allow":["GET"]}}],"collection":[{"href":"https:\/\/primicias2262.com\/noticias\/wp-json\/wp\/v2\/posts"}],"about":[{"href":"https:\/\/primicias2262.com\/noticias\/wp-json\/wp\/v2\/types\/post"}],"author":[{"embeddable":true,"href":"https:\/\/primicias2262.com\/noticias\/wp-json\/wp\/v2\/users\/3"}],"replies":[{"embeddable":true,"href":"https:\/\/primicias2262.com\/noticias\/wp-json\/wp\/v2\/comments?post=103762"}],"version-history":[{"count":1,"href":"https:\/\/primicias2262.com\/noticias\/wp-json\/wp\/v2\/posts\/103762\/revisions"}],"predecessor-version":[{"id":103764,"href":"https:\/\/primicias2262.com\/noticias\/wp-json\/wp\/v2\/posts\/103762\/revisions\/103764"}],"wp:featuredmedia":[{"embeddable":true,"href":"https:\/\/primicias2262.com\/noticias\/wp-json\/wp\/v2\/media\/103763"}],"wp:attachment":[{"href":"https:\/\/primicias2262.com\/noticias\/wp-json\/wp\/v2\/media?parent=103762"}],"wp:term":[{"taxonomy":"category","embeddable":true,"href":"https:\/\/primicias2262.com\/noticias\/wp-json\/wp\/v2\/categories?post=103762"},{"taxonomy":"post_tag","embeddable":true,"href":"https:\/\/primicias2262.com\/noticias\/wp-json\/wp\/v2\/tags?post=103762"}],"curies":[{"name":"wp","href":"https:\/\/api.w.org\/{rel}","templated":true}]}}