{"id":103765,"date":"2023-09-22T15:50:35","date_gmt":"2023-09-22T15:50:35","guid":{"rendered":"https:\/\/primicias2262.com\/noticias\/?p=103765"},"modified":"2023-09-25T18:10:26","modified_gmt":"2023-09-25T18:10:26","slug":"paritaria-municipal-se-ha-llegado-a-un-acuerdo-del-23-que-empezara-a-regir-con-los-salarios-actuales","status":"publish","type":"post","link":"https:\/\/primicias2262.com\/noticias\/paritaria-municipal-se-ha-llegado-a-un-acuerdo-del-23-que-empezara-a-regir-con-los-salarios-actuales\/","title":{"rendered":"Paritaria municipal: \u201cSe ha llegado a un acuerdo del 23% que empezar\u00e1 a regir con los salarios actuales\u201d"},"content":{"rendered":"<p><strong>As\u00ed lo asegur\u00f3 el secretario Adjunto del Sindicato de Trabajadores Municipales, Gast\u00f3n D\u00edaz, durante una breve nota telef\u00f3nica en \u201cVoces de la Ciudad\u201d este viernes con el periodista Hugo Arroyo.<\/strong><\/p>\n<p>Conforme por la cifra alcanzada, el secretario manifest\u00f3 que \u201cayer logramos un acuerdo que se ratific\u00f3 este mediod\u00eda en la Municipalidad entre las autoridades municipales y los gremios participantes (STM, ATE y Guardavidas): hemos acordado el incremento del 23% que se va a estar aplicando en octubre con los salarios que van en curso, es decir los salarios de este mes, y sobre la base del \u00faltimo salario vigente, es decir que este 23% se aplica al sueldo actual\u201d.<\/p>\n<p>Adem\u00e1s, subray\u00f3 el aliciente que \u201cqueda abierto un nuevo aumento programado para el mes de noviembre y otro para enero conforme a lo que hab\u00eda planteado el Ejecutivo de adelantar las paritarias y tenerlas de manera bimestral, y no trimestral como ven\u00edamos en el \u00faltimo tiempo\u201d.<\/p>\n<p>De esta forma, \u201cse ha llegado a un acuerdo del 23% que empezar\u00e1 a regir con los salarios actuales\u201d, ratific\u00f3, mencionando que es beneficioso para todos y acotando que \u201ces importante aclarar que impacta tambi\u00e9n a nuestros compa\u00f1eros pasivos jubilados\u201d.<\/p>\n<p>\u201cHa sido una paritaria dif\u00edcil, los n\u00fameros son cada vez m\u00e1s ajustados y la situaci\u00f3n siempre es desesperante en relaci\u00f3n al salario de los trabajadores, as\u00ed que esto es un poco de aire realmente\u201d, concluy\u00f3 D\u00edaz.<\/p>\n","protected":false},"excerpt":{"rendered":"<p>As\u00ed lo asegur\u00f3 el secretario Adjunto del Sindicato de Trabajadores Municipales, Gast\u00f3n D\u00edaz, durante una breve nota telef\u00f3nica en \u201cVoces de la Ciudad\u201d este viernes con el periodista Hugo Arroyo. Conforme por la cifra alcanzada, el secretario manifest\u00f3 que \u201cayer logramos un acuerdo que se ratific\u00f3 este mediod\u00eda en la Municipalidad entre las autoridades municipales [&hellip;]<\/p>\n","protected":false},"author":3,"featured_media":102056,"comment_status":"open","ping_status":"open","sticky":false,"template":"","format":"standard","meta":{"footnotes":""},"categories":[3],"tags":[],"class_list":["post-103765","post","type-post","status-publish","format-standard","has-post-thumbnail","category-masnoticias"],"_links":{"self":[{"href":"https:\/\/primicias2262.com\/noticias\/wp-json\/wp\/v2\/posts\/103765","targetHints":{"allow":["GET"]}}],"collection":[{"href":"https:\/\/primicias2262.com\/noticias\/wp-json\/wp\/v2\/posts"}],"about":[{"href":"https:\/\/primicias2262.com\/noticias\/wp-json\/wp\/v2\/types\/post"}],"author":[{"embeddable":true,"href":"https:\/\/primicias2262.com\/noticias\/wp-json\/wp\/v2\/users\/3"}],"replies":[{"embeddable":true,"href":"https:\/\/primicias2262.com\/noticias\/wp-json\/wp\/v2\/comments?post=103765"}],"version-history":[{"count":2,"href":"https:\/\/primicias2262.com\/noticias\/wp-json\/wp\/v2\/posts\/103765\/revisions"}],"predecessor-version":[{"id":103767,"href":"https:\/\/primicias2262.com\/noticias\/wp-json\/wp\/v2\/posts\/103765\/revisions\/103767"}],"wp:featuredmedia":[{"embeddable":true,"href":"https:\/\/primicias2262.com\/noticias\/wp-json\/wp\/v2\/media\/102056"}],"wp:attachment":[{"href":"https:\/\/primicias2262.com\/noticias\/wp-json\/wp\/v2\/media?parent=103765"}],"wp:term":[{"taxonomy":"category","embeddable":true,"href":"https:\/\/primicias2262.com\/noticias\/wp-json\/wp\/v2\/categories?post=103765"},{"taxonomy":"post_tag","embeddable":true,"href":"https:\/\/primicias2262.com\/noticias\/wp-json\/wp\/v2\/tags?post=103765"}],"curies":[{"name":"wp","href":"https:\/\/api.w.org\/{rel}","templated":true}]}}