{"id":103769,"date":"2023-09-23T12:51:42","date_gmt":"2023-09-23T12:51:42","guid":{"rendered":"https:\/\/primicias2262.com\/noticias\/?p=103769"},"modified":"2023-09-25T18:00:44","modified_gmt":"2023-09-25T18:00:44","slug":"desde-nuestro-espacio-hemos-decidido-acompanar-al-oficialismo-que-lleva-adelante-arturo-rojas","status":"publish","type":"post","link":"https:\/\/primicias2262.com\/noticias\/desde-nuestro-espacio-hemos-decidido-acompanar-al-oficialismo-que-lleva-adelante-arturo-rojas\/","title":{"rendered":"\u201cDesde nuestro espacio hemos decidido acompa\u00f1ar al oficialismo que lleva adelante Arturo Rojas\u201d"},"content":{"rendered":"<p><strong>As\u00ed lo afirmaron la concejal del bloque Participaci\u00f3n Justicialista, Norma Ali, y la referente vecinal y militante justicialista Mary Collado, quienes visitaron los estudios de \u201cVoces de la Ciudad\u201d y adem\u00e1s de hablar de lo que se viene en materia de elecciones en octubre, confirmaron que fueron invitadas, y por ende estar\u00e1n presentes, en la inauguraci\u00f3n del espacio Agrupaci\u00f3n Vecinal Uni\u00f3n Peronista para este s\u00e1bado 23 en Quequ\u00e9n, en calle 519 n\u00ba 2514, a partir de las 19, cuya conformaci\u00f3n impulsa el voto a Sergio Massa para presidente, Axel Kicillof como gobernador y Arturo Rojas como intendente por otro periodo de cuatro a\u00f1os.<\/strong><\/p>\n<p>En primer t\u00e9rmino, la concejal Norma Ali expres\u00f3 que \u201cdesde nuestro espacio hemos decidido acompa\u00f1ar al oficialismo que lleva adelante el Dr. Arturo Rojas, porque desde adentro se ve todo lo que se ha hecho, si bien hace 37 a\u00f1os que soy empleada p\u00fablica de la Municipalidad, y si bien las gestiones de Taraborelli y Aloisi hicieron mucho tambi\u00e9n, en esta gesti\u00f3n es un abanico impresionante de obras y temas que se ven\u201d.<\/p>\n<p>\u201cLa gente de afuera si no lo ve o no quiere verlo es porque es necia, porque si recorr\u00e9s un poco hay obras por todos lados\u201d, afirm\u00f3 la edil, asegurando adem\u00e1s que \u201ces muy acertada la implementaci\u00f3n de la Oficina M\u00f3vil, donde el Intendente, sus funcionarios y concejales van a cada barrio y al interior para estar cara a cara con el vecino, que mejor que eso no hay, ya que mucha gente no puede llegar al municipio y menos al intendente, entonces es mucho m\u00e1s f\u00e1cil cunado la Oficina M\u00f3vil recorrer los barrios\u201d.<\/p>\n<p>\u201cOtra cosa que se ve desde adentro sigui\u00f3 -argumentando Norma- es cuando llegan los fondos de Naci\u00f3n y Provincia, que son fondos afectados y Arturo es uno de los pocos intendentes que no toca el fondo afectado, porque si viene para determinada obra lo usa para esa obra, y por eso las obras se ven, e incluso, esta gesti\u00f3n est\u00e1 remediando y replanteando convenios de gestiones anteriores, porque si ellos no presentan certificaciones a nivel Provincia y Naci\u00f3n esos fondos no se pueden recuperar jam\u00e1s\u201d.<\/p>\n<p>Asimismo, Ali subray\u00f3 el Presupuesto Participativo, \u201cque es una herramienta que est\u00e1 trabajando muy bien la gesti\u00f3n con obras P\u00fablicas y Hacienda, como as\u00ed es muy importante que los empleados cobren en tiempo y forma, y eso es porque est\u00e1n ordenadas las cuentas\u201d, tras lo cual enfatiz\u00f3 que \u201cla gente le va a dar la confianza al Intendente por cuatro a\u00f1os m\u00e1s, y a la gente que se pregunta por qu\u00e9 voto todos los proyectos de Arturo, lo cierto es que lo voto porque tengo confianza y s\u00e9 que lo que se vota se hace, si le ponemos palos en la rueda somos la Necochea del no, y si lo que est\u00e1 haciendo est\u00e1 bien hay que apoyar y votar\u201d.<\/p>\n<p>Por su parte, Mary Collado aclar\u00f3 que \u201che militado toda la vida en el Partido Justicialista a excepci\u00f3n de este a\u00f1o, que fui convocada por Ana Asa pero no particip\u00e9 en la lista porque sinceramente no veo la justicia social como deber, en cambio como vecinalista que soy en la gesti\u00f3n de Arturo Rojas s\u00ed se ve que se est\u00e1 ampliando servicios\u201d.<\/p>\n<p><a href=\"https:\/\/primicias2262.com\/noticias\/wp-content\/uploads\/2023\/09\/collado.jpeg\"><img loading=\"lazy\" decoding=\"async\" class=\"aligncenter size-full wp-image-103772\" src=\"https:\/\/primicias2262.com\/noticias\/wp-content\/uploads\/2023\/09\/collado.jpeg\" alt=\"\" width=\"1024\" height=\"768\" srcset=\"https:\/\/primicias2262.com\/noticias\/wp-content\/uploads\/2023\/09\/collado.jpeg 1024w, https:\/\/primicias2262.com\/noticias\/wp-content\/uploads\/2023\/09\/collado-300x225.jpeg 300w, https:\/\/primicias2262.com\/noticias\/wp-content\/uploads\/2023\/09\/collado-768x576.jpeg 768w, https:\/\/primicias2262.com\/noticias\/wp-content\/uploads\/2023\/09\/collado-150x113.jpeg 150w, https:\/\/primicias2262.com\/noticias\/wp-content\/uploads\/2023\/09\/collado-696x522.jpeg 696w\" sizes=\"auto, (max-width: 1024px) 100vw, 1024px\" \/><\/a>Por ejemplo en la sociedad de fomento de Barrio Sur, \u201cdonde estamos con un centro de salud y un comedor, y es la primera vez desde que estoy desde 1999 que se hace algo, se estaba viniendo abajo el centro de salud y desde la gesti\u00f3n de Arturo se tech\u00f3 el comedor que se llov\u00eda constantemente, hemos pintado, hicimos un vacunatorio con una sala de espera, y son todas gestiones del buen trabajo del intendente, como as\u00ed de la secretaria de Hacienda con Graciela Mamelucco, que ha hecho bien los n\u00fameros y gracias a eso se logran los trabajos\u201d, recalc\u00f3.<\/p>\n<p>Cuando a Collado se le pregunt\u00f3 por qu\u00e9 no est\u00e1 en el PJ, mencion\u00f3 sin vueltas: \u201cPorque no me gusta c\u00f3mo se gobierna, eso de sacarse fotos no le sirve a la gente, sino que le sirve que se cubran las necesidades que tienen, por ejemplo los medicamentos que est\u00e1n muy caros y el que no tiene obra social no puede comprar, y adem\u00e1s la gente tiene hambre\u201d.<\/p>\n<p>Por consiguiente, ratific\u00f3 que \u201cestamos acompa\u00f1ando a Massa y Kicillof, y ac\u00e1 a Arturo Rojas, por eso le queremos transmitir al ciudadano que cuando vaya a votar sepa cortar la boleta, porque como fiscal general he visto que votan la boleta completa de Javier Milei con Pablo Nosek (candidato a intendente de la Libertad Avanza) y meten la de Arturo, y eso es nulo, y hubo m\u00e1s de dos mil votos nulos por esa situaci\u00f3n\u201d.<\/p>\n","protected":false},"excerpt":{"rendered":"<p>As\u00ed lo afirmaron la concejal del bloque Participaci\u00f3n Justicialista, Norma Ali, y la referente vecinal y militante justicialista Mary Collado, quienes visitaron los estudios de \u201cVoces de la Ciudad\u201d y adem\u00e1s de hablar de lo que se viene en materia de elecciones en octubre, confirmaron que fueron invitadas, y por ende estar\u00e1n presentes, en la [&hellip;]<\/p>\n","protected":false},"author":3,"featured_media":103771,"comment_status":"open","ping_status":"open","sticky":false,"template":"","format":"standard","meta":{"footnotes":""},"categories":[3],"tags":[],"class_list":["post-103769","post","type-post","status-publish","format-standard","has-post-thumbnail","category-masnoticias"],"_links":{"self":[{"href":"https:\/\/primicias2262.com\/noticias\/wp-json\/wp\/v2\/posts\/103769","targetHints":{"allow":["GET"]}}],"collection":[{"href":"https:\/\/primicias2262.com\/noticias\/wp-json\/wp\/v2\/posts"}],"about":[{"href":"https:\/\/primicias2262.com\/noticias\/wp-json\/wp\/v2\/types\/post"}],"author":[{"embeddable":true,"href":"https:\/\/primicias2262.com\/noticias\/wp-json\/wp\/v2\/users\/3"}],"replies":[{"embeddable":true,"href":"https:\/\/primicias2262.com\/noticias\/wp-json\/wp\/v2\/comments?post=103769"}],"version-history":[{"count":3,"href":"https:\/\/primicias2262.com\/noticias\/wp-json\/wp\/v2\/posts\/103769\/revisions"}],"predecessor-version":[{"id":103773,"href":"https:\/\/primicias2262.com\/noticias\/wp-json\/wp\/v2\/posts\/103769\/revisions\/103773"}],"wp:featuredmedia":[{"embeddable":true,"href":"https:\/\/primicias2262.com\/noticias\/wp-json\/wp\/v2\/media\/103771"}],"wp:attachment":[{"href":"https:\/\/primicias2262.com\/noticias\/wp-json\/wp\/v2\/media?parent=103769"}],"wp:term":[{"taxonomy":"category","embeddable":true,"href":"https:\/\/primicias2262.com\/noticias\/wp-json\/wp\/v2\/categories?post=103769"},{"taxonomy":"post_tag","embeddable":true,"href":"https:\/\/primicias2262.com\/noticias\/wp-json\/wp\/v2\/tags?post=103769"}],"curies":[{"name":"wp","href":"https:\/\/api.w.org\/{rel}","templated":true}]}}