{"id":103775,"date":"2023-09-22T18:02:45","date_gmt":"2023-09-22T18:02:45","guid":{"rendered":"https:\/\/primicias2262.com\/noticias\/?p=103775"},"modified":"2023-09-26T11:45:16","modified_gmt":"2023-09-26T11:45:16","slug":"avanzan-las-obras-en-las-plazas-que-interviene-el-municipio","status":"publish","type":"post","link":"https:\/\/primicias2262.com\/noticias\/avanzan-las-obras-en-las-plazas-que-interviene-el-municipio\/","title":{"rendered":"Avanzan las obras en las plazas que interviene el municipio"},"content":{"rendered":"<p><strong>El intendente Arturo Rojas cercior\u00f3 el avance de las obras de instalaci\u00f3n de los juegos principales en la Plaza \u201c3 de Agosto\u201d, en plena costa quequenense, y en el nuevo espacio que se conforma en el bulevar de Avenida 59 entre 16 y 18, en sendas recorridas que efectu\u00f3 entre el mi\u00e9rcoles pasado y la ma\u00f1ana de este viernes.<\/strong><\/p>\n<p>En total, son tres los puntos que el municipio decidi\u00f3 intervenir con fondos del programa nacional Argentina Hace 2022 y parte de recursos propios de la comuna, sum\u00e1ndose a los ya mencionados el espacio p\u00fablico de Avenida 10 y 91, en pleno Parque Miguel Lillo.<\/p>\n<p>Durante la visita al Barrio Puerto, el mandatario local estuvo acompa\u00f1ado por los secretarios de Gobierno y de Planeamiento, Obras y Servicios P\u00fablicos, Jorge Mart\u00ednez y Adri\u00e1n Furno respectivamente; y el subsecretario de Obras P\u00fablicas, Lisandro Dones.<\/p>\n<p><a href=\"https:\/\/primicias2262.com\/noticias\/wp-content\/uploads\/2023\/09\/FOTO-Arturo-Rojas-Plaza-3-de-Agosto-Juego.jpeg\"><img loading=\"lazy\" decoding=\"async\" class=\"aligncenter size-full wp-image-103778\" src=\"https:\/\/primicias2262.com\/noticias\/wp-content\/uploads\/2023\/09\/FOTO-Arturo-Rojas-Plaza-3-de-Agosto-Juego.jpeg\" alt=\"\" width=\"1600\" height=\"1200\" srcset=\"https:\/\/primicias2262.com\/noticias\/wp-content\/uploads\/2023\/09\/FOTO-Arturo-Rojas-Plaza-3-de-Agosto-Juego.jpeg 1600w, https:\/\/primicias2262.com\/noticias\/wp-content\/uploads\/2023\/09\/FOTO-Arturo-Rojas-Plaza-3-de-Agosto-Juego-300x225.jpeg 300w, https:\/\/primicias2262.com\/noticias\/wp-content\/uploads\/2023\/09\/FOTO-Arturo-Rojas-Plaza-3-de-Agosto-Juego-1024x768.jpeg 1024w, https:\/\/primicias2262.com\/noticias\/wp-content\/uploads\/2023\/09\/FOTO-Arturo-Rojas-Plaza-3-de-Agosto-Juego-768x576.jpeg 768w, https:\/\/primicias2262.com\/noticias\/wp-content\/uploads\/2023\/09\/FOTO-Arturo-Rojas-Plaza-3-de-Agosto-Juego-1536x1152.jpeg 1536w, https:\/\/primicias2262.com\/noticias\/wp-content\/uploads\/2023\/09\/FOTO-Arturo-Rojas-Plaza-3-de-Agosto-Juego-150x113.jpeg 150w, https:\/\/primicias2262.com\/noticias\/wp-content\/uploads\/2023\/09\/FOTO-Arturo-Rojas-Plaza-3-de-Agosto-Juego-696x522.jpeg 696w, https:\/\/primicias2262.com\/noticias\/wp-content\/uploads\/2023\/09\/FOTO-Arturo-Rojas-Plaza-3-de-Agosto-Juego-1068x801.jpeg 1068w\" sizes=\"auto, (max-width: 1600px) 100vw, 1600px\" \/><\/a>Fue el \u00faltimo de los funcionarios quien explic\u00f3 que \u201clas tres obras avanzan paralelamente, m\u00e1s all\u00e1 de cada una tenga un adelanto superior a la otra\u201d. Y en ese aspecto, se\u00f1al\u00f3 que \u201cen el bulevar de Avenida 59 ya se termin\u00f3 con la instalaci\u00f3n del juego central, mientras las veredas se siguen ejecutando y est\u00e1n a punto de finalizarse\u201d.<\/p>\n<p>Para dar por finalizados los trabajos all\u00ed, todav\u00eda \u201cfalta la instalaci\u00f3n de las nuevas luminarias, una parte de los caminos y colocar la forestaci\u00f3n\u201d, detall\u00f3 el Subsecretario.<\/p>\n<p>Mientras que con respecto a la plaza quequenense, \u201cya est\u00e1n terminados los caminos y se instal\u00f3 el juego. Ahora, faltan las luces, la forestaci\u00f3n y la colocaci\u00f3n de nuevo mobiliario p\u00fablico\u201d, manifest\u00f3.<\/p>\n<p><a href=\"https:\/\/primicias2262.com\/noticias\/wp-content\/uploads\/2023\/09\/20-09-FOTO-Arturo-Rojas-Plaza-Puerto-Juego-02.jpeg\"><img loading=\"lazy\" decoding=\"async\" class=\"aligncenter size-full wp-image-103777\" src=\"https:\/\/primicias2262.com\/noticias\/wp-content\/uploads\/2023\/09\/20-09-FOTO-Arturo-Rojas-Plaza-Puerto-Juego-02.jpeg\" alt=\"\" width=\"1600\" height=\"1066\" srcset=\"https:\/\/primicias2262.com\/noticias\/wp-content\/uploads\/2023\/09\/20-09-FOTO-Arturo-Rojas-Plaza-Puerto-Juego-02.jpeg 1600w, https:\/\/primicias2262.com\/noticias\/wp-content\/uploads\/2023\/09\/20-09-FOTO-Arturo-Rojas-Plaza-Puerto-Juego-02-300x200.jpeg 300w, https:\/\/primicias2262.com\/noticias\/wp-content\/uploads\/2023\/09\/20-09-FOTO-Arturo-Rojas-Plaza-Puerto-Juego-02-1024x682.jpeg 1024w, https:\/\/primicias2262.com\/noticias\/wp-content\/uploads\/2023\/09\/20-09-FOTO-Arturo-Rojas-Plaza-Puerto-Juego-02-768x512.jpeg 768w, https:\/\/primicias2262.com\/noticias\/wp-content\/uploads\/2023\/09\/20-09-FOTO-Arturo-Rojas-Plaza-Puerto-Juego-02-1536x1023.jpeg 1536w, https:\/\/primicias2262.com\/noticias\/wp-content\/uploads\/2023\/09\/20-09-FOTO-Arturo-Rojas-Plaza-Puerto-Juego-02-150x100.jpeg 150w, https:\/\/primicias2262.com\/noticias\/wp-content\/uploads\/2023\/09\/20-09-FOTO-Arturo-Rojas-Plaza-Puerto-Juego-02-696x464.jpeg 696w, https:\/\/primicias2262.com\/noticias\/wp-content\/uploads\/2023\/09\/20-09-FOTO-Arturo-Rojas-Plaza-Puerto-Juego-02-1068x712.jpeg 1068w\" sizes=\"auto, (max-width: 1600px) 100vw, 1600px\" \/><\/a>Vale destacar que este accionar, que gan\u00f3 por licitaci\u00f3n p\u00fablica la firma local Kosko, cuenta con un presupuesto de 124 millones de pesos, a los que se deben agregar los recursos humano y material aportados por el Estado local en determinadas intervenciones.<\/p>\n<p>Finalmente, para brindar nuevos detalles sobre el avance del espacio p\u00fablico en el coraz\u00f3n del Parque Miguel Lillo, Dones destac\u00f3 que \u201call\u00ed la obra est\u00e1 un poquito m\u00e1s atrasada\u201d, aunque \u201ctiene parte de los caminos hechos, pero todav\u00eda no llegaron los juegos\u201d.<\/p>\n<p>Tambi\u00e9n es importante recordar que la colocaci\u00f3n de la atracci\u00f3n principal que dar\u00e1 vida a cada lugar de encuentro para las familias necochenses y quequenenses fue pensada teniendo en cuenta el respeto y el fortalecimiento de la identidad de la zona. En esa l\u00ednea, se decidi\u00f3 colocar un velero en el Puerto, un Gale\u00f3n en la \u201c3 de Agosto\u201d y una Selva en el pulm\u00f3n verde de la ciudad cabecera del distrito.<\/p>\n","protected":false},"excerpt":{"rendered":"<p>El intendente Arturo Rojas cercior\u00f3 el avance de las obras de instalaci\u00f3n de los juegos principales en la Plaza \u201c3 de Agosto\u201d, en plena costa quequenense, y en el nuevo espacio que se conforma en el bulevar de Avenida 59 entre 16 y 18, en sendas recorridas que efectu\u00f3 entre el mi\u00e9rcoles pasado y la [&hellip;]<\/p>\n","protected":false},"author":3,"featured_media":103776,"comment_status":"open","ping_status":"open","sticky":false,"template":"","format":"standard","meta":{"footnotes":""},"categories":[3],"tags":[],"class_list":["post-103775","post","type-post","status-publish","format-standard","has-post-thumbnail","category-masnoticias"],"_links":{"self":[{"href":"https:\/\/primicias2262.com\/noticias\/wp-json\/wp\/v2\/posts\/103775","targetHints":{"allow":["GET"]}}],"collection":[{"href":"https:\/\/primicias2262.com\/noticias\/wp-json\/wp\/v2\/posts"}],"about":[{"href":"https:\/\/primicias2262.com\/noticias\/wp-json\/wp\/v2\/types\/post"}],"author":[{"embeddable":true,"href":"https:\/\/primicias2262.com\/noticias\/wp-json\/wp\/v2\/users\/3"}],"replies":[{"embeddable":true,"href":"https:\/\/primicias2262.com\/noticias\/wp-json\/wp\/v2\/comments?post=103775"}],"version-history":[{"count":2,"href":"https:\/\/primicias2262.com\/noticias\/wp-json\/wp\/v2\/posts\/103775\/revisions"}],"predecessor-version":[{"id":103794,"href":"https:\/\/primicias2262.com\/noticias\/wp-json\/wp\/v2\/posts\/103775\/revisions\/103794"}],"wp:featuredmedia":[{"embeddable":true,"href":"https:\/\/primicias2262.com\/noticias\/wp-json\/wp\/v2\/media\/103776"}],"wp:attachment":[{"href":"https:\/\/primicias2262.com\/noticias\/wp-json\/wp\/v2\/media?parent=103775"}],"wp:term":[{"taxonomy":"category","embeddable":true,"href":"https:\/\/primicias2262.com\/noticias\/wp-json\/wp\/v2\/categories?post=103775"},{"taxonomy":"post_tag","embeddable":true,"href":"https:\/\/primicias2262.com\/noticias\/wp-json\/wp\/v2\/tags?post=103775"}],"curies":[{"name":"wp","href":"https:\/\/api.w.org\/{rel}","templated":true}]}}