{"id":103781,"date":"2023-09-25T18:00:13","date_gmt":"2023-09-25T18:00:13","guid":{"rendered":"https:\/\/primicias2262.com\/noticias\/?p=103781"},"modified":"2023-09-26T16:33:43","modified_gmt":"2023-09-26T16:33:43","slug":"gremios-portuarios-siguen-bregando-porque-se-anule-la-designacion-de-mariano-carrillo-en-el-directorio","status":"publish","type":"post","link":"https:\/\/primicias2262.com\/noticias\/gremios-portuarios-siguen-bregando-porque-se-anule-la-designacion-de-mariano-carrillo-en-el-directorio\/","title":{"rendered":"Gremios portuarios siguen bregando porque se anule la designaci\u00f3n de Mariano Carrillo en el Directorio"},"content":{"rendered":"<p><strong>\u201cSi vemos que nuestros derechos est\u00e1n siendo avasallados vamos a ir por todo porque la realidad es que no podemos dejar pasar esto por alto\u201d, pronunci\u00f3 David \u00c1lvarez del SUPA, durante una nota realizada por el periodista Jorge G\u00f3mez en \u201cVoces de la Ciudad\u201d.<\/strong><\/p>\n<p>En torno al reclamo de los gremios portuarios sobre la designaci\u00f3n de Mariano Carrillo en representaci\u00f3n de la Uatre ante el Directorio del Consorcio de Gesti\u00f3n de Puerto Quequ\u00e9n, el secretario de SUPA, David \u00c1lvarez, enfatiz\u00f3 este lunes que \u201cno vamos a bajar los brazos con nuestro pedido que es justo, y a esto si lo tenemos que llevar a nivel nacional lo vamos a hacer, tengo el consenso de todos los compa\u00f1eros de la Federaci\u00f3n (FEPA) y si pronto no vemos que no se revierte la designaci\u00f3n de Carrillo, aunque no queremos tomar medidas extremas que perjudiquen a los compa\u00f1eros y sus puestos de trabajo o a la comunidad, nos van a obligar a tomar cartas en el asunto\u201d.<\/p>\n<p>El gremialista insisti\u00f3 en que \u201csi vemos que nuestros derechos est\u00e1n siendo avasallados vamos a ir por todo, porque la realidad es que no podemos dejar pasar esto por alto. Han sido avasallados nuestros derechos y estos est\u00e1n devolviendo favores de forma desconsiderada\u201d, tras lo que avis\u00f3 que \u201cvamos a empezar con reclamos diarios y parando actividades a nivel parcial, y profundizaremos a nivel nacional\u2026 es lamentable porque es una herramienta que no queremos usar, pero la realidad es que \u00c1lvaro (presidente del Consorcio portuario) a nosotros nunca nos convoc\u00f3\u201d.<\/p>\n<p><a href=\"https:\/\/primicias2262.com\/noticias\/wp-content\/uploads\/2023\/09\/alvarez.jpg\"><img loading=\"lazy\" decoding=\"async\" class=\"aligncenter size-full wp-image-103431\" src=\"https:\/\/primicias2262.com\/noticias\/wp-content\/uploads\/2023\/09\/alvarez.jpg\" alt=\"\" width=\"224\" height=\"225\" srcset=\"https:\/\/primicias2262.com\/noticias\/wp-content\/uploads\/2023\/09\/alvarez.jpg 224w, https:\/\/primicias2262.com\/noticias\/wp-content\/uploads\/2023\/09\/alvarez-150x151.jpg 150w\" sizes=\"auto, (max-width: 224px) 100vw, 224px\" \/><\/a>Incluso, record\u00f3 que \u201cnosotros empezamos a apoyar en su momento a los compa\u00f1eros de la Terminal Quequ\u00e9n cuyo trabajo estaba en riesgo y en el aire, y ah\u00ed tomaron la decisi\u00f3n de cambiar el directorio de un d\u00eda para el otro, porque ni siquiera nos convocaron. Si hubieran convocado, nosotros nos present\u00e1bamos, pero el cargo lo ofrecieron como si fuera de ellos, y eso tiene que ser una decisi\u00f3n de los gremios\u201d.<\/p>\n<p>\u201cQue en la banca no est\u00e9 la representaci\u00f3n de los trabajadores es ir en contra de los trabajadores, y estamos obligados a hacer este reclamo\u201d, concluy\u00f3 al respecto.<\/p>\n<p><strong>Contin\u00faa como secretario Adjunto de la FEPA<\/strong><\/p>\n<p>Por otra parte, \u00c1lvarez fue confirmado durante las \u00faltimas horas como secretario Adjunto de la Federaci\u00f3n de Estibadores Portuarios Argentinos (FEPA), acerca d elo que cont\u00f3 con alegr\u00eda que \u201cla FEPA siempre estuvo en Rosario o en CABA, pero hace cuatro a\u00f1os nos reunimos en Necochea con otros puertos vecinos con el sue\u00f1o de consolidar a una federaci\u00f3n que estaba olvidada y empezamos a armarnos, y hoy pasados cuatro a\u00f1os puedo decir con profundo orgullo que la gente que no estaba adentro de la FEPA nos pidi\u00f3 participar, as\u00ed que los fuimos a buscar a cada uno y hemos logrado consolidarnos, ha sido magn\u00edfico\u201d.<\/p>\n<p><a href=\"https:\/\/primicias2262.com\/noticias\/wp-content\/uploads\/2023\/09\/david-alvarez-foto-sabado.jpg\"><img loading=\"lazy\" decoding=\"async\" class=\"aligncenter size-full wp-image-103782\" src=\"https:\/\/primicias2262.com\/noticias\/wp-content\/uploads\/2023\/09\/david-alvarez-foto-sabado.jpg\" alt=\"\" width=\"1600\" height=\"881\" srcset=\"https:\/\/primicias2262.com\/noticias\/wp-content\/uploads\/2023\/09\/david-alvarez-foto-sabado.jpg 1600w, https:\/\/primicias2262.com\/noticias\/wp-content\/uploads\/2023\/09\/david-alvarez-foto-sabado-300x165.jpg 300w, https:\/\/primicias2262.com\/noticias\/wp-content\/uploads\/2023\/09\/david-alvarez-foto-sabado-1024x564.jpg 1024w, https:\/\/primicias2262.com\/noticias\/wp-content\/uploads\/2023\/09\/david-alvarez-foto-sabado-768x423.jpg 768w, https:\/\/primicias2262.com\/noticias\/wp-content\/uploads\/2023\/09\/david-alvarez-foto-sabado-1536x846.jpg 1536w, https:\/\/primicias2262.com\/noticias\/wp-content\/uploads\/2023\/09\/david-alvarez-foto-sabado-150x83.jpg 150w, https:\/\/primicias2262.com\/noticias\/wp-content\/uploads\/2023\/09\/david-alvarez-foto-sabado-696x383.jpg 696w, https:\/\/primicias2262.com\/noticias\/wp-content\/uploads\/2023\/09\/david-alvarez-foto-sabado-1068x588.jpg 1068w\" sizes=\"auto, (max-width: 1600px) 100vw, 1600px\" \/><\/a>Vale destacar al respecto que, Marcelo Osores ser\u00e1 el secretario General, y David \u00c1lvarez, al frente del SUPA Quequ\u00e9n, seguir\u00e1 ocupando la Secretar\u00eda adjunta de FEPA que este pasado viernes tuvo su congreso nacional en Bah\u00eda Blanca. Se \u201ctermin\u00f3 de reconfigurar el escenario sindical portuario de cara a los pr\u00f3ximos desaf\u00edos del sector frente a un panorama de incertidumbre pol\u00edtica\u201d, se\u00f1ala una cr\u00f3nica del portal de noticias Mundo Gremial.<\/p>\n<p>La FEPA congrega a representantes gremiales de los puertos argentinos, y se presenta, tal cual una cr\u00f3nica publicada por el portal Mundo Gremial, que hace un seguimiento de la actividad de las instituciones que representan a los trabajadores del pa\u00eds, como un \u201ccambio en el paradigma\u201d en las estaciones mar\u00edtimas argentinas.<\/p>\n","protected":false},"excerpt":{"rendered":"<p>\u201cSi vemos que nuestros derechos est\u00e1n siendo avasallados vamos a ir por todo porque la realidad es que no podemos dejar pasar esto por alto\u201d, pronunci\u00f3 David \u00c1lvarez del SUPA, durante una nota realizada por el periodista Jorge G\u00f3mez en \u201cVoces de la Ciudad\u201d. En torno al reclamo de los gremios portuarios sobre la designaci\u00f3n [&hellip;]<\/p>\n","protected":false},"author":3,"featured_media":103206,"comment_status":"open","ping_status":"open","sticky":false,"template":"","format":"standard","meta":{"footnotes":""},"categories":[3],"tags":[],"class_list":["post-103781","post","type-post","status-publish","format-standard","has-post-thumbnail","category-masnoticias"],"_links":{"self":[{"href":"https:\/\/primicias2262.com\/noticias\/wp-json\/wp\/v2\/posts\/103781","targetHints":{"allow":["GET"]}}],"collection":[{"href":"https:\/\/primicias2262.com\/noticias\/wp-json\/wp\/v2\/posts"}],"about":[{"href":"https:\/\/primicias2262.com\/noticias\/wp-json\/wp\/v2\/types\/post"}],"author":[{"embeddable":true,"href":"https:\/\/primicias2262.com\/noticias\/wp-json\/wp\/v2\/users\/3"}],"replies":[{"embeddable":true,"href":"https:\/\/primicias2262.com\/noticias\/wp-json\/wp\/v2\/comments?post=103781"}],"version-history":[{"count":3,"href":"https:\/\/primicias2262.com\/noticias\/wp-json\/wp\/v2\/posts\/103781\/revisions"}],"predecessor-version":[{"id":103806,"href":"https:\/\/primicias2262.com\/noticias\/wp-json\/wp\/v2\/posts\/103781\/revisions\/103806"}],"wp:featuredmedia":[{"embeddable":true,"href":"https:\/\/primicias2262.com\/noticias\/wp-json\/wp\/v2\/media\/103206"}],"wp:attachment":[{"href":"https:\/\/primicias2262.com\/noticias\/wp-json\/wp\/v2\/media?parent=103781"}],"wp:term":[{"taxonomy":"category","embeddable":true,"href":"https:\/\/primicias2262.com\/noticias\/wp-json\/wp\/v2\/categories?post=103781"},{"taxonomy":"post_tag","embeddable":true,"href":"https:\/\/primicias2262.com\/noticias\/wp-json\/wp\/v2\/tags?post=103781"}],"curies":[{"name":"wp","href":"https:\/\/api.w.org\/{rel}","templated":true}]}}