{"id":103785,"date":"2023-09-25T18:07:59","date_gmt":"2023-09-25T18:07:59","guid":{"rendered":"https:\/\/primicias2262.com\/noticias\/?p=103785"},"modified":"2023-09-26T15:48:32","modified_gmt":"2023-09-26T15:48:32","slug":"se-pudo-llevar-personal-policial-a-la-sala-de-monitoreo-y-eso-nos-va-a-permitir-una-mejor-operatividad","status":"publish","type":"post","link":"https:\/\/primicias2262.com\/noticias\/se-pudo-llevar-personal-policial-a-la-sala-de-monitoreo-y-eso-nos-va-a-permitir-una-mejor-operatividad\/","title":{"rendered":"\u201cSe pudo llevar personal policial a la sala de Monitoreo y eso nos va a permitir una mejor operatividad\u201d"},"content":{"rendered":"<p><strong>As\u00ed lo celebr\u00f3 en el estudio de \u201cVoces de la Ciudad\u201d el secretario de Gobierno Jorge Mart\u00edz, al rescatar el trabajo en conjunto mucho m\u00e1s fino entre el Centro de Monitoreo de la comuna y las fuerzas policiales, que en los \u00faltimos d\u00edas se viene notando con el esclarecimiento de varios hechos delictivos.<\/strong><\/p>\n<p>Ante la consulta por el tema de seguridad del periodista Jorge G\u00f3mez, su tocayo Mart\u00ednez resalt\u00f3 que \u201cdespu\u00e9s de mucho esfuerzo y charlas con el Jefe Departamental (Mart\u00edn Urrestarazu) se pudo llevar personal policial a la sala de Monitoreo y estamos muy contentos por eso porque nos va a permitir una mejor operatividad\u201d.<\/p>\n<p>Explic\u00f3 el funcionario que \u201cal visualizar en las c\u00e1maras un hecho l\u00edcito, ya contaremos con la comunicaci\u00f3n directa al m\u00f3vil policial para alertar, y a su vez el personal policial cuenta con el sistema que del seguimiento con GPS que tienen cada uno de los patrulleros, que te permite saber cu\u00e1l es el m\u00f3vil m\u00e1s cercano al lugar donde est\u00e1 ocurriendo el hecho de inseguridad\u201d.<\/p>\n<p>Mart\u00ednez confirm\u00f3 que este rastreo en el COM se est\u00e1 cubriendo en principio desde las 19 hasta las 8 de la ma\u00f1ana, aunque dej\u00f3 entrever que a medida que se vaya incorporando personal ir\u00e1 aumentando la cobertura.<\/p>\n<p>Asimismo, subray\u00f3 que \u201cestamos trabajando en la ampliaci\u00f3n de m\u00e1s c\u00e1maras y funciona perfectamente el bot\u00f3n antip\u00e1nico\u201d, y a la espera de poder concretar la obra civil del cuerpo de Caballer\u00eda, frenada por cuestiones de la inflaci\u00f3n, manifest\u00f3 que \u201clos efectivos de Caballer\u00eda nos vienen ayudando en los operativos de tr\u00e1nsito, solo restan las caballerizas y algunos detalles de las oficinas que se dilataron por el tema inflacionario\u201d.<\/p>\n","protected":false},"excerpt":{"rendered":"<p>As\u00ed lo celebr\u00f3 en el estudio de \u201cVoces de la Ciudad\u201d el secretario de Gobierno Jorge Mart\u00edz, al rescatar el trabajo en conjunto mucho m\u00e1s fino entre el Centro de Monitoreo de la comuna y las fuerzas policiales, que en los \u00faltimos d\u00edas se viene notando con el esclarecimiento de varios hechos delictivos. Ante la [&hellip;]<\/p>\n","protected":false},"author":3,"featured_media":100306,"comment_status":"open","ping_status":"open","sticky":false,"template":"","format":"standard","meta":{"footnotes":""},"categories":[3],"tags":[],"class_list":["post-103785","post","type-post","status-publish","format-standard","has-post-thumbnail","category-masnoticias"],"_links":{"self":[{"href":"https:\/\/primicias2262.com\/noticias\/wp-json\/wp\/v2\/posts\/103785","targetHints":{"allow":["GET"]}}],"collection":[{"href":"https:\/\/primicias2262.com\/noticias\/wp-json\/wp\/v2\/posts"}],"about":[{"href":"https:\/\/primicias2262.com\/noticias\/wp-json\/wp\/v2\/types\/post"}],"author":[{"embeddable":true,"href":"https:\/\/primicias2262.com\/noticias\/wp-json\/wp\/v2\/users\/3"}],"replies":[{"embeddable":true,"href":"https:\/\/primicias2262.com\/noticias\/wp-json\/wp\/v2\/comments?post=103785"}],"version-history":[{"count":2,"href":"https:\/\/primicias2262.com\/noticias\/wp-json\/wp\/v2\/posts\/103785\/revisions"}],"predecessor-version":[{"id":103801,"href":"https:\/\/primicias2262.com\/noticias\/wp-json\/wp\/v2\/posts\/103785\/revisions\/103801"}],"wp:featuredmedia":[{"embeddable":true,"href":"https:\/\/primicias2262.com\/noticias\/wp-json\/wp\/v2\/media\/100306"}],"wp:attachment":[{"href":"https:\/\/primicias2262.com\/noticias\/wp-json\/wp\/v2\/media?parent=103785"}],"wp:term":[{"taxonomy":"category","embeddable":true,"href":"https:\/\/primicias2262.com\/noticias\/wp-json\/wp\/v2\/categories?post=103785"},{"taxonomy":"post_tag","embeddable":true,"href":"https:\/\/primicias2262.com\/noticias\/wp-json\/wp\/v2\/tags?post=103785"}],"curies":[{"name":"wp","href":"https:\/\/api.w.org\/{rel}","templated":true}]}}