{"id":103787,"date":"2023-09-25T18:10:13","date_gmt":"2023-09-25T18:10:13","guid":{"rendered":"https:\/\/primicias2262.com\/noticias\/?p=103787"},"modified":"2023-09-26T12:24:56","modified_gmt":"2023-09-26T12:24:56","slug":"el-futbol-femenino-de-necochea-culmino-entre-las-principales-posiciones-de-la-copa-igualdad","status":"publish","type":"post","link":"https:\/\/primicias2262.com\/noticias\/el-futbol-femenino-de-necochea-culmino-entre-las-principales-posiciones-de-la-copa-igualdad\/","title":{"rendered":"El f\u00fatbol femenino de Necochea culmin\u00f3 entre las principales posiciones de la Copa Igualdad"},"content":{"rendered":"<p><strong>Tras ser campe\u00f3n de la Regi\u00f3n Quinta, Necochea avanz\u00f3 a playoffs y logr\u00f3 acceder a semifinales, jugando por el 3\u00ba puesto en el Estadio \u00danico de La Plata este fin de semana.<\/strong><\/p>\n<p>El seleccionado femenino de f\u00fatbol, que coordin\u00f3 la Direcci\u00f3n de Pol\u00edticas de G\u00e9nero de la Municipalidad de Necochea, culmin\u00f3 su segunda participaci\u00f3n en la Copa Igualdad con un meritorio 4\u00ba puesto entre 80 representativos de distintos municipios de la Provincia de Buenos Aires.<\/p>\n<p>La jornada final fue toda una fiesta para las necochenses, ya que el equipo dirigido por Esteban Novillo tuvo el honor de jugar por el 3\u00ba puesto en el Estadio \u00danico \u201cDiego Armando Maradona\u201d de La Plata, y a pesar de caer por penales ante su par de General Rodr\u00edguez, fue el corolario de un a\u00f1o inolvidable que las tuvo como campeonas de la Regi\u00f3n Quinta. Durante la jornada, acompa\u00f1\u00f3 al plantel de nuestra ciudad la directora de G\u00e9nero, dependiente de la Secretar\u00eda de Desarrollo Humano, Noelia Otero.<\/p>\n<p>Gracias a ese lauro regional, Necochea se gan\u00f3 el derecho a jugar los cuartos de final, donde elimin\u00f3 a Tres Arroyos por penales y con la clasificaci\u00f3n a semifinales se gan\u00f3 el privilegio de disputar la jornada final en dicho estadio, que fuera anfitri\u00f3n del \u00faltimo Mundial Sub 20, entre otros grandes eventos.<\/p>\n<p>En semifinales Necochea cay\u00f3 por 1-0 ante Pehuaj\u00f3, que termin\u00f3 siendo el campe\u00f3n de la 2da edici\u00f3n de la copa organizada por el Ministerio de las Mujeres, Pol\u00edticas de G\u00e9nero y Diversidad Sexual de la Provincia de Buenos Aires, cuya titular, Estela D\u00edaz, estuvo junto a los planteles en la jornada final en La Plata. En la final, Pehuaj\u00f3 derrot\u00f3 a San Vicente por 1-0.<\/p>\n<p>De esta manera, la Selecci\u00f3n de la Municipalidad de Necochea culmina por segundo a\u00f1o consecutivo entre los mejores combinados de f\u00fatbol de Buenos Aires, habi\u00e9ndose consagrado bicampe\u00f3n regional de la Copa Igualdad y en los primeros puestos de la definici\u00f3n.<\/p>\n<p><strong>El plantel de Necochea campe\u00f3n de Regi\u00f3n Quinta<\/strong><\/p>\n<figure class=\"wp-block-image size-full\"><img loading=\"lazy\" decoding=\"async\" class=\"wp-image-79171\" src=\"https:\/\/necochea.gov.ar\/wp-content\/uploads\/2023\/05\/22-05-FOTO-Necochea-campeon.jpeg\" alt=\"\" width=\"1392\" height=\"792\" \/><\/figure>\n<p><strong>Arqueras<\/strong><\/p>\n<p>Nadia Jara (Rivadavia), Guillermina Arce (Mataderos) y Eluney Sotuyo.<\/p>\n<p><strong>Defensoras<\/strong><\/p>\n<p>Florencia Mendoza (Ministerio), Jacqueline Miranda (Rivadavia), Johana Deneve (Mataderos), \u00c1ngela De Le\u00f3n (El Principio), Gisela Romero (El Principio) e In\u00e9s Perpetto (Boca).<\/p>\n<p><strong>Mediocampistas<\/strong><\/p>\n<p>Bel\u00e9n Reynoso (Rivadavia), Selene Montiel (Mataderos), Luc\u00eda Hern\u00e1ndez (Rivadavia), Katia Navarro (Gimnasia), Morena Gonz\u00e1lez (Rivadavia), Priscila Ocampo (El Principio) y Nadia L\u00f3pez (Boca).<\/p>\n<p><strong>Delanteras<\/strong><\/p>\n<p>Daiana Perpetto (Rivadavia), Yolanda Estarli (Mataderos), Daiana Zupato (Rivadavia), Valeria Campitelli (Rivadavia) y Dalma Lara (Villa D\u00edaz V\u00e9lez).<\/p>\n<p><strong>Cuerpo t\u00e9cnico:<\/strong> Mat\u00edas Rojas, Solange Navarrette y Esteban Novillo.<\/p>\n","protected":false},"excerpt":{"rendered":"<p>Tras ser campe\u00f3n de la Regi\u00f3n Quinta, Necochea avanz\u00f3 a playoffs y logr\u00f3 acceder a semifinales, jugando por el 3\u00ba puesto en el Estadio \u00danico de La Plata este fin de semana. El seleccionado femenino de f\u00fatbol, que coordin\u00f3 la Direcci\u00f3n de Pol\u00edticas de G\u00e9nero de la Municipalidad de Necochea, culmin\u00f3 su segunda participaci\u00f3n en [&hellip;]<\/p>\n","protected":false},"author":3,"featured_media":103789,"comment_status":"open","ping_status":"open","sticky":false,"template":"","format":"standard","meta":{"footnotes":""},"categories":[3],"tags":[],"class_list":["post-103787","post","type-post","status-publish","format-standard","has-post-thumbnail","category-masnoticias"],"_links":{"self":[{"href":"https:\/\/primicias2262.com\/noticias\/wp-json\/wp\/v2\/posts\/103787","targetHints":{"allow":["GET"]}}],"collection":[{"href":"https:\/\/primicias2262.com\/noticias\/wp-json\/wp\/v2\/posts"}],"about":[{"href":"https:\/\/primicias2262.com\/noticias\/wp-json\/wp\/v2\/types\/post"}],"author":[{"embeddable":true,"href":"https:\/\/primicias2262.com\/noticias\/wp-json\/wp\/v2\/users\/3"}],"replies":[{"embeddable":true,"href":"https:\/\/primicias2262.com\/noticias\/wp-json\/wp\/v2\/comments?post=103787"}],"version-history":[{"count":2,"href":"https:\/\/primicias2262.com\/noticias\/wp-json\/wp\/v2\/posts\/103787\/revisions"}],"predecessor-version":[{"id":103797,"href":"https:\/\/primicias2262.com\/noticias\/wp-json\/wp\/v2\/posts\/103787\/revisions\/103797"}],"wp:featuredmedia":[{"embeddable":true,"href":"https:\/\/primicias2262.com\/noticias\/wp-json\/wp\/v2\/media\/103789"}],"wp:attachment":[{"href":"https:\/\/primicias2262.com\/noticias\/wp-json\/wp\/v2\/media?parent=103787"}],"wp:term":[{"taxonomy":"category","embeddable":true,"href":"https:\/\/primicias2262.com\/noticias\/wp-json\/wp\/v2\/categories?post=103787"},{"taxonomy":"post_tag","embeddable":true,"href":"https:\/\/primicias2262.com\/noticias\/wp-json\/wp\/v2\/tags?post=103787"}],"curies":[{"name":"wp","href":"https:\/\/api.w.org\/{rel}","templated":true}]}}