{"id":103791,"date":"2023-09-26T11:44:54","date_gmt":"2023-09-26T11:44:54","guid":{"rendered":"https:\/\/primicias2262.com\/noticias\/?p=103791"},"modified":"2023-09-27T15:13:44","modified_gmt":"2023-09-27T15:13:44","slug":"costa-bonita-fue-una-fiesta-para-el-safari-y-los-areneros","status":"publish","type":"post","link":"https:\/\/primicias2262.com\/noticias\/costa-bonita-fue-una-fiesta-para-el-safari-y-los-areneros\/","title":{"rendered":"Costa Bonita fue una fiesta para el Safari y los Areneros"},"content":{"rendered":"<p><strong>El fin de semana se desarroll\u00f3 la fecha 3 de las divisionales de ASAU (safari clases 1, 2,3 y areneros 1300).<\/strong><\/p>\n<p>Con una situaci\u00f3n clim\u00e1tica inmejorable, a pleno sol y muy poco viento, las categor\u00edas volvieron a ver la arena con m\u00e1s de 55 autos en pista, y en un marco donde la gente se hizo sentir, poblando cada m\u00e9dano disponible, d\u00e1ndole un calor y un color especial a un evento que quedar\u00e1 para la historia de la categor\u00eda y de la regi\u00f3n.<\/p>\n<p>La actividad comenz\u00f3 el d\u00eda s\u00e1bado con los entrenamientos y posteriormente las clasificaciones donde V\u00edctor Sastre (areneros), David Lara Jr. (clase 3) y el local, Leandro Ferrari (clase 1) impusieron condiciones para partir desde las mejores ubicaciones el domingo.<\/p>\n<p>P\u00e1rrafo aparte para destacar, que en el bell\u00edsimo centro de Necochea, el s\u00e1bado por la tarde noche, se llev\u00f3 adelante la tradicional largada simb\u00f3lica. En un atardecer estupendo y con mucha expectativa para lo que ser\u00eda el domingo, la gente acerc\u00f3 para disfrutar de ver los autos y escuchar los motores de cerca. La bandera argentina fue bajada a cada participante por el intendente de la ciudad, Arturo Rojas.<\/p>\n<p>La actividad del domingo, arranc\u00f3 con las pre finales, en areneros 1300 el campe\u00f3n Javier Vicente, Javier Rivera y Miguel Heik (por exclusi\u00f3n a Antelo) resultaron vencedores.<\/p>\n<p>En safari clase 3 ganaron, Lara\/Lara y en la clase 1 Guzzetti \/Contreras. En la clase 2, Javier zalazar \/ Mariano Garc\u00eda fueron de la partida, retornando a la actividad.<\/p>\n<p><strong>En horas de la tarde, se disputaron las finales:<\/strong><\/p>\n<p>Areneros 1300, como es habitual, con un parque interminable de autos y una carrera donde hubo sobrepasos por todos lados, Cristian Antelo domin\u00f3 en pista, pero luego ser\u00eda excluido en la verificaci\u00f3n t\u00e9cnica, dejando la victoria en manos de un silencio pero veloz Mart\u00edn Rio, que vuelve a triunfar en un a\u00f1o, donde puede ir redondeando resultados para alegr\u00eda de su gente.<\/p>\n<p>El podio:<\/p>\n<p>1 Mart\u00edn Rio<br \/>\n2 Javier Vicente<br \/>\n3 Hern\u00e1n Tihista<br \/>\n4 Carlos Vallo<br \/>\n5 Favio Murua<br \/>\n6 Marcos Orsi<\/p>\n<p>El destacado del fin de semana, por m\u00e1s que parezca una obviedad, Martin Rio, que dej\u00f3 demostrado que tiene serias intenciones de pelear por ser campe\u00f3n y se muestra r\u00e1pido en todos los terrenos.<\/p>\n<p>La clase 3 del safari brind\u00f3 un gran espect\u00e1culo en la final del domingo por la tarde. En un principio, la pelea era entre 3 autos que se mostraban fuertes, Walter Lucero, Osvaldo Tisera y David Lara Jr. Despu\u00e9s de un toque entre Tisera y Lucero, Lara tom\u00f3 la punta, que m\u00e1s tarde perder\u00eda en manos del piloto de Ostende y ex campe\u00f3n Osvaldo Tisera. El golpe de escena llegar\u00eda cuando Tisera pincha un neum\u00e1tico y luego se convirti\u00f3 en un monologo para el piloto de Mar de Ajo que solo tuvo que esperar la bandera a cuadros.<\/p>\n<p>El podio:<br \/>\n1 Lara \/ Lara<br \/>\n2 Lucero \/ Lucero<br \/>\n3 Estarli \/ Merlo<\/p>\n<p>Aqu\u00ed tambi\u00e9n el destacado del fin de semana es el ganador, David Lara Jr., que por primera vez pisa la arena en carrera, con toda la presi\u00f3n que ello demanda, en primera instancia sacando m\u00e1s de 2 segundos de ventaja en la clasificaci\u00f3n y luego ganando todo lo que hab\u00eda en juego, y junto con Estarli, al igual que como ocurre en areneros, nos deja la tranquilidad que las generaciones avanzan pero la pasi\u00f3n por \u00e9ste deporte se hereda y cada vez m\u00e1s j\u00f3venes, se entreveran con los pilotos consagrados.<\/p>\n<p>Cerraron la actividad las clases 1 y 2 del safari, en una gran tarde y con mucho sol en Costa Bonita, los potentes 6 cilindros desarrollaron su final, donde German Bottan, no pudo ser de la partida por un incidente en pista en la pre final, cuando Andr\u00e9s Fuentes tiene un desperfecto en la caja de cambios y Cristian Recchimuzzi no puede esquivarlo y lo embiste desde atr\u00e1s, inmediatamente, Bottan se encuentra con los dos autos, da\u00f1ando severamente su unidad. Fuentes y Recchimuzzi, con much\u00edsimo trabajo, pudieron reparar para largar la competencia.<br \/>\nLa final ten\u00eda como principales candidatos a los pilotos locales, Guazzetti y Ferrari, quienes muy r\u00e1pidamente tuvieron inconvenientes mec\u00e1nicos y quedaron fuera de carrera, m\u00e1s tarde, Claudio Palazzo tambi\u00e9n tendr\u00eda que penar con problemas en la caja, Fuentes, hace abandono por que el auto qued\u00f3 en \u201csimple\u201d y Santilli e Irazoki tambi\u00e9n estaban complicados en la parte final de la tarde.<br \/>\nLa lucha se centr\u00f3 en un mano a mano incre\u00edble, para redimir viejos duelos entre Vaquero y Recchimuzzi, donde se fue intercalando la punta, y si bien \u201cEl Cucu\u201d penaba con un recargo de 5 segundos, el marplatense lo segu\u00eda buscando, ya que no hab\u00edan visto la se\u00f1alizaci\u00f3n. En una exhibici\u00f3n de maniobras, en pista gan\u00f3 Vaquero, pero por 0,7 segundos, la victoria final ser\u00eda para quien arrib\u00f3 segundo en pista, Cristian Recchimuzzi, para alegr\u00eda de la gente que lo sigue carrera a carrera y ti\u00f1en el m\u00e9dano de naranja.<\/p>\n<p>El podio:<br \/>\n1 Recchimuzzi \/ Buono<br \/>\n2 Vaquero \/ Giacchino<br \/>\n3 Palazzo \/ Luna<\/p>\n<p>El destacado, como en las otras dos categor\u00edas, el ganador Cristian Recchimuzzi, que se encontr\u00f3 con el auto muy da\u00f1ado luego del golpe de la pre final, y con un trabajo incansable y sin darse la opci\u00f3n de rendirse, sali\u00f3 con un auto muy herido a sumar puntos para final, pero la insistencia y la perseverancia, una vez m\u00e1s, lo pusieron bien arriba.<\/p>\n<p>Para destacar, el trabajo del equipo organizador de ASAU, que con el Auto club Necochea, trabajaron de manera inconmensurable para realizar un evento grandioso para Necochea.<br \/>\nPr\u00f3xima fecha, lugar y fecha a confirmar.<\/p>\n","protected":false},"excerpt":{"rendered":"<p>El fin de semana se desarroll\u00f3 la fecha 3 de las divisionales de ASAU (safari clases 1, 2,3 y areneros 1300). Con una situaci\u00f3n clim\u00e1tica inmejorable, a pleno sol y muy poco viento, las categor\u00edas volvieron a ver la arena con m\u00e1s de 55 autos en pista, y en un marco donde la gente se [&hellip;]<\/p>\n","protected":false},"author":3,"featured_media":103792,"comment_status":"open","ping_status":"open","sticky":false,"template":"","format":"standard","meta":{"footnotes":""},"categories":[3],"tags":[],"class_list":["post-103791","post","type-post","status-publish","format-standard","has-post-thumbnail","category-masnoticias"],"_links":{"self":[{"href":"https:\/\/primicias2262.com\/noticias\/wp-json\/wp\/v2\/posts\/103791","targetHints":{"allow":["GET"]}}],"collection":[{"href":"https:\/\/primicias2262.com\/noticias\/wp-json\/wp\/v2\/posts"}],"about":[{"href":"https:\/\/primicias2262.com\/noticias\/wp-json\/wp\/v2\/types\/post"}],"author":[{"embeddable":true,"href":"https:\/\/primicias2262.com\/noticias\/wp-json\/wp\/v2\/users\/3"}],"replies":[{"embeddable":true,"href":"https:\/\/primicias2262.com\/noticias\/wp-json\/wp\/v2\/comments?post=103791"}],"version-history":[{"count":2,"href":"https:\/\/primicias2262.com\/noticias\/wp-json\/wp\/v2\/posts\/103791\/revisions"}],"predecessor-version":[{"id":103823,"href":"https:\/\/primicias2262.com\/noticias\/wp-json\/wp\/v2\/posts\/103791\/revisions\/103823"}],"wp:featuredmedia":[{"embeddable":true,"href":"https:\/\/primicias2262.com\/noticias\/wp-json\/wp\/v2\/media\/103792"}],"wp:attachment":[{"href":"https:\/\/primicias2262.com\/noticias\/wp-json\/wp\/v2\/media?parent=103791"}],"wp:term":[{"taxonomy":"category","embeddable":true,"href":"https:\/\/primicias2262.com\/noticias\/wp-json\/wp\/v2\/categories?post=103791"},{"taxonomy":"post_tag","embeddable":true,"href":"https:\/\/primicias2262.com\/noticias\/wp-json\/wp\/v2\/tags?post=103791"}],"curies":[{"name":"wp","href":"https:\/\/api.w.org\/{rel}","templated":true}]}}