{"id":103795,"date":"2023-09-26T12:24:15","date_gmt":"2023-09-26T12:24:15","guid":{"rendered":"https:\/\/primicias2262.com\/noticias\/?p=103795"},"modified":"2023-09-27T15:51:46","modified_gmt":"2023-09-27T15:51:46","slug":"tras-votar-la-agenda-final-de-2023-por-jorge-gomez","status":"publish","type":"post","link":"https:\/\/primicias2262.com\/noticias\/tras-votar-la-agenda-final-de-2023-por-jorge-gomez\/","title":{"rendered":"Tras votar, la agenda final de 2023, por Jorge G\u00f3mez"},"content":{"rendered":"<p><strong>A poco menos de un mes de las elecciones generales en el pa\u00eds, el periodista Jorge G\u00f3mez entrega una nueva editorial desde Voces de la Ciudad, analizando cada uno de los escenarios, con foco principal en el distrito local.<\/strong><\/p>\n<p><iframe loading=\"lazy\" title=\"Tras votar, la agenda final de 2023.\" width=\"696\" height=\"392\" src=\"https:\/\/www.youtube.com\/embed\/iCgSARCwpwc?feature=oembed\" frameborder=\"0\" allow=\"accelerometer; autoplay; clipboard-write; encrypted-media; gyroscope; picture-in-picture; web-share\" allowfullscreen><\/iframe><\/p>\n","protected":false},"excerpt":{"rendered":"<p>A poco menos de un mes de las elecciones generales en el pa\u00eds, el periodista Jorge G\u00f3mez entrega una nueva editorial desde Voces de la Ciudad, analizando cada uno de los escenarios, con foco principal en el distrito local.<\/p>\n","protected":false},"author":3,"featured_media":103036,"comment_status":"open","ping_status":"open","sticky":false,"template":"","format":"standard","meta":{"footnotes":""},"categories":[3],"tags":[],"class_list":["post-103795","post","type-post","status-publish","format-standard","has-post-thumbnail","category-masnoticias"],"_links":{"self":[{"href":"https:\/\/primicias2262.com\/noticias\/wp-json\/wp\/v2\/posts\/103795","targetHints":{"allow":["GET"]}}],"collection":[{"href":"https:\/\/primicias2262.com\/noticias\/wp-json\/wp\/v2\/posts"}],"about":[{"href":"https:\/\/primicias2262.com\/noticias\/wp-json\/wp\/v2\/types\/post"}],"author":[{"embeddable":true,"href":"https:\/\/primicias2262.com\/noticias\/wp-json\/wp\/v2\/users\/3"}],"replies":[{"embeddable":true,"href":"https:\/\/primicias2262.com\/noticias\/wp-json\/wp\/v2\/comments?post=103795"}],"version-history":[{"count":1,"href":"https:\/\/primicias2262.com\/noticias\/wp-json\/wp\/v2\/posts\/103795\/revisions"}],"predecessor-version":[{"id":103796,"href":"https:\/\/primicias2262.com\/noticias\/wp-json\/wp\/v2\/posts\/103795\/revisions\/103796"}],"wp:featuredmedia":[{"embeddable":true,"href":"https:\/\/primicias2262.com\/noticias\/wp-json\/wp\/v2\/media\/103036"}],"wp:attachment":[{"href":"https:\/\/primicias2262.com\/noticias\/wp-json\/wp\/v2\/media?parent=103795"}],"wp:term":[{"taxonomy":"category","embeddable":true,"href":"https:\/\/primicias2262.com\/noticias\/wp-json\/wp\/v2\/categories?post=103795"},{"taxonomy":"post_tag","embeddable":true,"href":"https:\/\/primicias2262.com\/noticias\/wp-json\/wp\/v2\/tags?post=103795"}],"curies":[{"name":"wp","href":"https:\/\/api.w.org\/{rel}","templated":true}]}}