{"id":103798,"date":"2023-09-26T10:47:23","date_gmt":"2023-09-26T10:47:23","guid":{"rendered":"https:\/\/primicias2262.com\/noticias\/?p=103798"},"modified":"2023-09-27T14:47:04","modified_gmt":"2023-09-27T14:47:04","slug":"necochea-recibe-de-la-provincia-una-nueva-movilidad-escolar","status":"publish","type":"post","link":"https:\/\/primicias2262.com\/noticias\/necochea-recibe-de-la-provincia-una-nueva-movilidad-escolar\/","title":{"rendered":"Necochea recibe de la Provincia una nueva movilidad escolar"},"content":{"rendered":"<p><strong>En el marco de la entrega de veh\u00edculos de transporte escolar y camionetas para municipios y notebooks del programa Conectar Igualdad para Centros de Formaci\u00f3n Integral y escuelas de Educaci\u00f3n Especial, la diputada provincial, Natalia S\u00e1nchez Jauregui acompa\u00f1\u00f3 al Gobernador y le hizo entrega de la llave de la nueva movilidad escolar para la Escuela Especial Nro. 502 de Necochea.<\/strong><\/p>\n<p>\u201cContinuamos garantizando derechos porque tenemos un gobierno provincial que piensa en todas y todos los bonaerenses\u201d asegur\u00f3 la legisladora de Uni\u00f3n por la Patria y se\u00f1al\u00f3 que \u201cestas camionetas ser\u00e1n un instrumento fundamental para poder ir y volver de la escuela, usarlas con fines recreativos como pueden ser paseos y excursiones y garantizar los derechos de las y los chicos\u201d.<\/p>\n<p>Por su parte el gobernador Axel Kicillof hizo a referencia a que \u201cen otros gobiernos posterg\u00f3 la educaci\u00f3n en todos sus niveles, nosotros trazamos prioridades y cumplimos el compromiso que asumimos con los y las bonaerenses de invertir en infraestructura y equipamiento escolar\u201d.<\/p>\n<p>En total se entregaron 58 camiones para la gesti\u00f3n de residuos que forman parte del programa, 23 combis 0km para traslados escolares y 102 computadoras para estudiantes de Centros de Formaci\u00f3n Integral y escuelas de Educaci\u00f3n Especial.<\/p>\n","protected":false},"excerpt":{"rendered":"<p>En el marco de la entrega de veh\u00edculos de transporte escolar y camionetas para municipios y notebooks del programa Conectar Igualdad para Centros de Formaci\u00f3n Integral y escuelas de Educaci\u00f3n Especial, la diputada provincial, Natalia S\u00e1nchez Jauregui acompa\u00f1\u00f3 al Gobernador y le hizo entrega de la llave de la nueva movilidad escolar para la Escuela [&hellip;]<\/p>\n","protected":false},"author":3,"featured_media":103799,"comment_status":"open","ping_status":"open","sticky":false,"template":"","format":"standard","meta":{"footnotes":""},"categories":[3],"tags":[],"class_list":["post-103798","post","type-post","status-publish","format-standard","has-post-thumbnail","category-masnoticias"],"_links":{"self":[{"href":"https:\/\/primicias2262.com\/noticias\/wp-json\/wp\/v2\/posts\/103798","targetHints":{"allow":["GET"]}}],"collection":[{"href":"https:\/\/primicias2262.com\/noticias\/wp-json\/wp\/v2\/posts"}],"about":[{"href":"https:\/\/primicias2262.com\/noticias\/wp-json\/wp\/v2\/types\/post"}],"author":[{"embeddable":true,"href":"https:\/\/primicias2262.com\/noticias\/wp-json\/wp\/v2\/users\/3"}],"replies":[{"embeddable":true,"href":"https:\/\/primicias2262.com\/noticias\/wp-json\/wp\/v2\/comments?post=103798"}],"version-history":[{"count":2,"href":"https:\/\/primicias2262.com\/noticias\/wp-json\/wp\/v2\/posts\/103798\/revisions"}],"predecessor-version":[{"id":103814,"href":"https:\/\/primicias2262.com\/noticias\/wp-json\/wp\/v2\/posts\/103798\/revisions\/103814"}],"wp:featuredmedia":[{"embeddable":true,"href":"https:\/\/primicias2262.com\/noticias\/wp-json\/wp\/v2\/media\/103799"}],"wp:attachment":[{"href":"https:\/\/primicias2262.com\/noticias\/wp-json\/wp\/v2\/media?parent=103798"}],"wp:term":[{"taxonomy":"category","embeddable":true,"href":"https:\/\/primicias2262.com\/noticias\/wp-json\/wp\/v2\/categories?post=103798"},{"taxonomy":"post_tag","embeddable":true,"href":"https:\/\/primicias2262.com\/noticias\/wp-json\/wp\/v2\/tags?post=103798"}],"curies":[{"name":"wp","href":"https:\/\/api.w.org\/{rel}","templated":true}]}}