{"id":103802,"date":"2023-09-26T16:33:30","date_gmt":"2023-09-26T16:33:30","guid":{"rendered":"https:\/\/primicias2262.com\/noticias\/?p=103802"},"modified":"2023-09-27T15:57:40","modified_gmt":"2023-09-27T15:57:40","slug":"la-uthgra-fiscalizara-la-boleta-de-javier-milei-en-el-partido-de-necochea","status":"publish","type":"post","link":"https:\/\/primicias2262.com\/noticias\/la-uthgra-fiscalizara-la-boleta-de-javier-milei-en-el-partido-de-necochea\/","title":{"rendered":"La UTHGRA fiscalizar\u00e1 la boleta de Javier Milei en el partido de Necochea"},"content":{"rendered":"<p><strong>As\u00ed lo confirm\u00f3 el secretario general local de los gastron\u00f3micos, Juan Gambetta, tras el acuerdo a nivel nacional entre el referente m\u00e1ximo del rubro, Luis Barrionuevo, y el propio candidato presidencial de la Libertad Avanza, Javier Milei. No obstante, no significa que vayan a acompa\u00f1ar la propuesta local de Pablo Nosek.<\/strong><\/p>\n<p>Ante la consulta period\u00edstica de Jorge G\u00f3mez en \u201cVoces de la Ciudad\u201d, Gambetta se refiri\u00f3 al hecho de que Luis Barrionuevo se meta de lleno en el armado de la Quinta Secci\u00f3n Electoral de la Libertad Avanza de Javier Milei, con la idea de fiscalizar la elecci\u00f3n para dicho candidato presidencial. \u201cEfectivamente esto ya tiene varias semanas, y el viernes anterior tuvimos una reuni\u00f3n los dirigentes gastron\u00f3micos con gente de Milei para fiscalizar las elecciones\u201d, confirm\u00f3 Gambetta.<\/p>\n<p>Argument\u00f3 en tal sentido que \u201cnosotros somos un gremio que estamos en todo el pa\u00eds y tenemos la din\u00e1mica de las elecciones, somos un caballito de batalla que le sirve a cualquier pol\u00edtico y en este caso se junt\u00f3 Barrionuevo con Milei y acordaron el tema de la fiscalizaci\u00f3n, que es lo que no tiene la gente de Milei\u2026 no tienen fiscales en muchos lugares\u201d.<\/p>\n<p><a href=\"https:\/\/primicias2262.com\/noticias\/wp-content\/uploads\/2023\/09\/Barrionuevo-Gambetta.jpeg\"><img loading=\"lazy\" decoding=\"async\" class=\"aligncenter size-full wp-image-103803\" src=\"https:\/\/primicias2262.com\/noticias\/wp-content\/uploads\/2023\/09\/Barrionuevo-Gambetta.jpeg\" alt=\"\" width=\"654\" height=\"593\" srcset=\"https:\/\/primicias2262.com\/noticias\/wp-content\/uploads\/2023\/09\/Barrionuevo-Gambetta.jpeg 654w, https:\/\/primicias2262.com\/noticias\/wp-content\/uploads\/2023\/09\/Barrionuevo-Gambetta-300x272.jpeg 300w, https:\/\/primicias2262.com\/noticias\/wp-content\/uploads\/2023\/09\/Barrionuevo-Gambetta-150x136.jpeg 150w\" sizes=\"auto, (max-width: 654px) 100vw, 654px\" \/><\/a>\u201cAc\u00e1 en Necochea por ah\u00ed no sucede lo que s\u00ed en el Gran Buenos Aires, con el robo de boletas o que no dejen entrar a los fiscales, y por eso lo abordaron Barrionuevo y Milei\u201d, se\u00f1al\u00f3 a la pasada, repasando que \u201cel viernes hubo una reuni\u00f3n donde estuvimos con Barrionuevo, dirigentes gremiales y hubo empresarios gastron\u00f3micos y hoteleros apoyando la campa\u00f1a de Javier Milei\u201d.<\/p>\n<p>\u201cBarrionuevo dice que necesitamos un cambio, como ya no hay m\u00e1s peronismo, sino kirchnerismo\u2026 el peronismo desapareci\u00f3, y Patricia Bullrich es m\u00e1s de lo mismo, Barrionuevo entiende que Milei es una nueva alternativa, as\u00ed que apoyaremos a Milei y a P\u00edparo en la Provincia\u201d, recalc\u00f3.<\/p>\n<p>Pero a nivel local, Gambetta asegur\u00f3 que \u201cno me junt\u00e9 con la gente de ac\u00e1\u201d (en referencia al espacio que lleva la candidatura a intendente de Pablo Nosek), y acot\u00f3 que \u201cme llamaron hace unas semanas atr\u00e1s y quedaron en venir pero no vinieron\u2026 ayer me comuniqu\u00e9 con el primer candidato a concejal (Mariano Valiante) y nada\u201d, por eso reafirm\u00f3 que \u201cnuestro trabajo es Milei presidente, y en lo local hay muchos de nuestros compa\u00f1eros que tienen arreglos pol\u00edticos por otros lados, pero me quiero reunir con ellos para ver qu\u00e9 tienen, qu\u00e9 se hizo y qu\u00e9 no se hizo\u201d.<\/p>\n","protected":false},"excerpt":{"rendered":"<p>As\u00ed lo confirm\u00f3 el secretario general local de los gastron\u00f3micos, Juan Gambetta, tras el acuerdo a nivel nacional entre el referente m\u00e1ximo del rubro, Luis Barrionuevo, y el propio candidato presidencial de la Libertad Avanza, Javier Milei. No obstante, no significa que vayan a acompa\u00f1ar la propuesta local de Pablo Nosek. Ante la consulta period\u00edstica [&hellip;]<\/p>\n","protected":false},"author":3,"featured_media":103804,"comment_status":"open","ping_status":"open","sticky":false,"template":"","format":"standard","meta":{"footnotes":""},"categories":[3],"tags":[],"class_list":["post-103802","post","type-post","status-publish","format-standard","has-post-thumbnail","category-masnoticias"],"_links":{"self":[{"href":"https:\/\/primicias2262.com\/noticias\/wp-json\/wp\/v2\/posts\/103802","targetHints":{"allow":["GET"]}}],"collection":[{"href":"https:\/\/primicias2262.com\/noticias\/wp-json\/wp\/v2\/posts"}],"about":[{"href":"https:\/\/primicias2262.com\/noticias\/wp-json\/wp\/v2\/types\/post"}],"author":[{"embeddable":true,"href":"https:\/\/primicias2262.com\/noticias\/wp-json\/wp\/v2\/users\/3"}],"replies":[{"embeddable":true,"href":"https:\/\/primicias2262.com\/noticias\/wp-json\/wp\/v2\/comments?post=103802"}],"version-history":[{"count":2,"href":"https:\/\/primicias2262.com\/noticias\/wp-json\/wp\/v2\/posts\/103802\/revisions"}],"predecessor-version":[{"id":103829,"href":"https:\/\/primicias2262.com\/noticias\/wp-json\/wp\/v2\/posts\/103802\/revisions\/103829"}],"wp:featuredmedia":[{"embeddable":true,"href":"https:\/\/primicias2262.com\/noticias\/wp-json\/wp\/v2\/media\/103804"}],"wp:attachment":[{"href":"https:\/\/primicias2262.com\/noticias\/wp-json\/wp\/v2\/media?parent=103802"}],"wp:term":[{"taxonomy":"category","embeddable":true,"href":"https:\/\/primicias2262.com\/noticias\/wp-json\/wp\/v2\/categories?post=103802"},{"taxonomy":"post_tag","embeddable":true,"href":"https:\/\/primicias2262.com\/noticias\/wp-json\/wp\/v2\/tags?post=103802"}],"curies":[{"name":"wp","href":"https:\/\/api.w.org\/{rel}","templated":true}]}}