{"id":103807,"date":"2023-09-27T08:45:55","date_gmt":"2023-09-27T08:45:55","guid":{"rendered":"https:\/\/primicias2262.com\/noticias\/?p=103807"},"modified":"2023-09-28T17:04:43","modified_gmt":"2023-09-28T17:04:43","slug":"gripe-aviar-el-pico-de-la-enfermedad-ya-sucedio-pero-la-escollera-tiene-que-seguir-cerrada","status":"publish","type":"post","link":"https:\/\/primicias2262.com\/noticias\/gripe-aviar-el-pico-de-la-enfermedad-ya-sucedio-pero-la-escollera-tiene-que-seguir-cerrada\/","title":{"rendered":"Gripe aviar: \u201cEl pico de la enfermedad ya sucedi\u00f3 pero la escollera tiene que seguir cerrada\u201d"},"content":{"rendered":"<p><strong>As\u00ed lo reafirm\u00f3 este martes en \u201cVoces de la Ciudad\u201d la integrante del SENASA, Ver\u00f3nica Sierra, quien a su vez report\u00f3 que hasta el momento fallecieron en total 124 lobos marinos.<\/strong><\/p>\n<p>En comunicaci\u00f3n telef\u00f3nica con el periodista Jorge G\u00f3mez para informar c\u00f3mo est\u00e1 el panorama de la\u00a0 colonia de lobos marinos azotada por la gripe aviar, primeramente Sierra afirm\u00f3 que \u201cla escollera tiene que seguir cerrada\u201d, acotando que \u201cel pico de la enfermedad ya sucedi\u00f3, no obstante el inconveniente no desapareci\u00f3, se supone que va haciendo cierta inmunidad en la colonia\u201d.<\/p>\n<p>Asimismo, se ocup\u00f3 de desmentir que la escollera de Quequ\u00e9n ya est\u00e9 habilitada. \u201cQuiero aclarar que ambas escolleras est\u00e1n cerradas, ya que se dec\u00eda que la Norte de Quequ\u00e9n estaba abierta y no es as\u00ed. En la Escollera Norte hay gente que va y saca el vallado, pero quiero aclarar que sigue cerrada, no es por ning\u00fan capricho, sino para cuidar a la poblaci\u00f3n\u201d, resalt\u00f3.<\/p>\n<p><a href=\"https:\/\/primicias2262.com\/noticias\/wp-content\/uploads\/2023\/09\/veronica-sierra-SENASA.jpeg\"><img loading=\"lazy\" decoding=\"async\" class=\"alignleft size-medium wp-image-103811\" src=\"https:\/\/primicias2262.com\/noticias\/wp-content\/uploads\/2023\/09\/veronica-sierra-SENASA-300x292.jpeg\" alt=\"\" width=\"300\" height=\"292\" srcset=\"https:\/\/primicias2262.com\/noticias\/wp-content\/uploads\/2023\/09\/veronica-sierra-SENASA-300x292.jpeg 300w, https:\/\/primicias2262.com\/noticias\/wp-content\/uploads\/2023\/09\/veronica-sierra-SENASA-768x749.jpeg 768w, https:\/\/primicias2262.com\/noticias\/wp-content\/uploads\/2023\/09\/veronica-sierra-SENASA-150x146.jpeg 150w, https:\/\/primicias2262.com\/noticias\/wp-content\/uploads\/2023\/09\/veronica-sierra-SENASA-696x678.jpeg 696w, https:\/\/primicias2262.com\/noticias\/wp-content\/uploads\/2023\/09\/veronica-sierra-SENASA.jpeg 1024w\" sizes=\"auto, (max-width: 300px) 100vw, 300px\" \/><\/a>Sierra manifest\u00f3 seguidamente que \u201cser\u00eda inconsciente dar una fecha de hasta cu\u00e1ndo y c\u00f3mo se va a seguir resolviendo y presentando la enfermedad\u201d, aunque reconoci\u00f3 que \u201cpor ahora lo que se ve es que no hay animales nuevos con sintomatolog\u00eda y los que se van viendo muertos son animales que no se pudieron recuperar\u201d.<\/p>\n<p>De forma oficial, Ver\u00f3nica report\u00f3 que \u201cen Necochea a ra\u00edz de los relevado son 124 lobos muertos reales\u2026 si alguien da otro n\u00famero no s\u00e9 si lo duplica o se los lleva a los lobos\u2026 124 es lo real hablando de Necochea solamente\u201d, los cuales se van enterrando con la maquinaria dispuesta.<\/p>\n<p>Finalmente, volvi\u00f3 a subrayar las recomendaciones para no contagiarse, que son las mismas de siempre, b\u00e1sicamente no acercarse, y respecto a eso revel\u00f3 que \u201cel s\u00e1bado estuve caminando por la playa en forma civil para relevar todo y el comportamiento de la gente es responsable, con las mascotas atadas y las personas no se acercaban al sector\u201d.<\/p>\n","protected":false},"excerpt":{"rendered":"<p>As\u00ed lo reafirm\u00f3 este martes en \u201cVoces de la Ciudad\u201d la integrante del SENASA, Ver\u00f3nica Sierra, quien a su vez report\u00f3 que hasta el momento fallecieron en total 124 lobos marinos. En comunicaci\u00f3n telef\u00f3nica con el periodista Jorge G\u00f3mez para informar c\u00f3mo est\u00e1 el panorama de la\u00a0 colonia de lobos marinos azotada por la gripe [&hellip;]<\/p>\n","protected":false},"author":3,"featured_media":103111,"comment_status":"open","ping_status":"open","sticky":false,"template":"","format":"standard","meta":{"footnotes":""},"categories":[3],"tags":[],"class_list":["post-103807","post","type-post","status-publish","format-standard","has-post-thumbnail","category-masnoticias"],"_links":{"self":[{"href":"https:\/\/primicias2262.com\/noticias\/wp-json\/wp\/v2\/posts\/103807","targetHints":{"allow":["GET"]}}],"collection":[{"href":"https:\/\/primicias2262.com\/noticias\/wp-json\/wp\/v2\/posts"}],"about":[{"href":"https:\/\/primicias2262.com\/noticias\/wp-json\/wp\/v2\/types\/post"}],"author":[{"embeddable":true,"href":"https:\/\/primicias2262.com\/noticias\/wp-json\/wp\/v2\/users\/3"}],"replies":[{"embeddable":true,"href":"https:\/\/primicias2262.com\/noticias\/wp-json\/wp\/v2\/comments?post=103807"}],"version-history":[{"count":3,"href":"https:\/\/primicias2262.com\/noticias\/wp-json\/wp\/v2\/posts\/103807\/revisions"}],"predecessor-version":[{"id":103813,"href":"https:\/\/primicias2262.com\/noticias\/wp-json\/wp\/v2\/posts\/103807\/revisions\/103813"}],"wp:featuredmedia":[{"embeddable":true,"href":"https:\/\/primicias2262.com\/noticias\/wp-json\/wp\/v2\/media\/103111"}],"wp:attachment":[{"href":"https:\/\/primicias2262.com\/noticias\/wp-json\/wp\/v2\/media?parent=103807"}],"wp:term":[{"taxonomy":"category","embeddable":true,"href":"https:\/\/primicias2262.com\/noticias\/wp-json\/wp\/v2\/categories?post=103807"},{"taxonomy":"post_tag","embeddable":true,"href":"https:\/\/primicias2262.com\/noticias\/wp-json\/wp\/v2\/tags?post=103807"}],"curies":[{"name":"wp","href":"https:\/\/api.w.org\/{rel}","templated":true}]}}